{"id":27165,"date":"2025-08-05T14:35:34","date_gmt":"2025-08-05T14:35:34","guid":{"rendered":"https:\/\/www.lodelmomentoloja.com\/?p=27165"},"modified":"2025-08-05T19:36:27","modified_gmt":"2025-08-05T19:36:27","slug":"utpl-celebro-el-7-aniversario-de-radio-utpl","status":"publish","type":"post","link":"https:\/\/www.lodelmomentoloja.com\/?p=27165","title":{"rendered":"UTPL CELEBR\u00d3 EL 7\u00b0 ANIVERSARIO DE RADIO UTPL"},"content":{"rendered":"<p>\u23ef\ufe0f\ud83d\udc4f\ud83c\udffb\ud83d\udcf2\u00a1Festejo con masterclass! El pasado 25 de julio de 2025 en el marco del 7mo aniversario de Radio UTPL, la Universidad T\u00e9cnica Particular de Loja (UTPL), a trav\u00e9s de la carrera de Comunicaci\u00f3n y con el apoyo de su laboratorio Radio UTPL, realiz\u00f3 con \u00e9xito la masterclass \u201cRespira, proyecta y conecta: El arte de hablar para la radio\u201d, una jornada acad\u00e9mica dedicada al fortalecimiento de habilidades vocales, expresivas y comunicativas. En donde se abordaron tem\u00e1ticas fundamentales como la respiraci\u00f3n consciente, proyecci\u00f3n de la voz, dicci\u00f3n clara, entonaci\u00f3n efectiva, pausas oportunas y la naturalidad en el discurso, la metodolog\u00eda pr\u00e1ctica permiti\u00f3 a los asistentes vivir una experiencia formativa integral orientada al desempe\u00f1o profesional en medios radiales y entornos comunicacionales.<\/p>\n<p>\ud83c\udf10\u2705 S\u00edguenos en nuestra p\u00e1gina verificada: https:\/\/www.facebook.com\/lodelmomentolojaEC<\/p>\n<p>www.lodelmomentoloja.com<br \/>\n<a class=\"x1i10hfl xjbqb8w x1ejq31n x18oe1m7 x1sy0etr xstzfhl x972fbf x10w94by x1qhh985 x14e42zd x9f619 x1ypdohk xt0psk2 xe8uvvx xdj266r x14z9mp xat24cr x1lziwak xexx8yu xyri2b x18d9i69 x1c1uobl x16tdsg8 x1hl2dhg xggy1nq x1a2a7pz  _aa9_ _a6hd\" tabindex=\"0\" role=\"link\" href=\"https:\/\/www.instagram.com\/explore\/tags\/ldmnoticias\/\">#LDMnoticias<\/a>\u00a0<a class=\"x1i10hfl xjbqb8w x1ejq31n x18oe1m7 x1sy0etr xstzfhl x972fbf x10w94by x1qhh985 x14e42zd x9f619 x1ypdohk xt0psk2 xe8uvvx xdj266r x14z9mp xat24cr x1lziwak xexx8yu xyri2b x18d9i69 x1c1uobl x16tdsg8 x1hl2dhg xggy1nq x1a2a7pz  _aa9_ _a6hd\" tabindex=\"0\" role=\"link\" href=\"https:\/\/www.instagram.com\/explore\/tags\/lodelmomentolojaldm\/\">#lodelmomentolojaLDM<\/a><\/p>\n","protected":false},"excerpt":{"rendered":"<p>\u23ef\ufe0f\ud83d\udc4f\ud83c\udffb\ud83d\udcf2\u00a1Festejo con masterclass! El pasado 25 de julio de 2025 en el marco del 7mo&#8230;<\/p>\n","protected":false},"author":1,"featured_media":27166,"comment_status":"open","ping_status":"open","sticky":false,"template":"","format":"standard","meta":{"footnotes":""},"categories":[7,1,5],"tags":[],"class_list":["post-27165","post","type-post","status-publish","format-standard","has-post-thumbnail","hentry","category-ecuador","category-inicio","category-loja"],"_links":{"self":[{"href":"https:\/\/www.lodelmomentoloja.com\/index.php?rest_route=\/wp\/v2\/posts\/27165"}],"collection":[{"href":"https:\/\/www.lodelmomentoloja.com\/index.php?rest_route=\/wp\/v2\/posts"}],"about":[{"href":"https:\/\/www.lodelmomentoloja.com\/index.php?rest_route=\/wp\/v2\/types\/post"}],"author":[{"embeddable":true,"href":"https:\/\/www.lodelmomentoloja.com\/index.php?rest_route=\/wp\/v2\/users\/1"}],"replies":[{"embeddable":true,"href":"https:\/\/www.lodelmomentoloja.com\/index.php?rest_route=%2Fwp%2Fv2%2Fcomments&post=27165"}],"version-history":[{"count":1,"href":"https:\/\/www.lodelmomentoloja.com\/index.php?rest_route=\/wp\/v2\/posts\/27165\/revisions"}],"predecessor-version":[{"id":27167,"href":"https:\/\/www.lodelmomentoloja.com\/index.php?rest_route=\/wp\/v2\/posts\/27165\/revisions\/27167"}],"wp:featuredmedia":[{"embeddable":true,"href":"https:\/\/www.lodelmomentoloja.com\/index.php?rest_route=\/wp\/v2\/media\/27166"}],"wp:attachment":[{"href":"https:\/\/www.lodelmomentoloja.com\/index.php?rest_route=%2Fwp%2Fv2%2Fmedia&parent=27165"}],"wp:term":[{"taxonomy":"category","embeddable":true,"href":"https:\/\/www.lodelmomentoloja.com\/index.php?rest_route=%2Fwp%2Fv2%2Fcategories&post=27165"},{"taxonomy":"post_tag","embeddable":true,"href":"https:\/\/www.lodelmomentoloja.com\/index.php?rest_route=%2Fwp%2Fv2%2Ftags&post=27165"}],"curies":[{"name":"wp","href":"https:\/\/api.w.org\/{rel}","templated":true}]}}