{"id":27156,"date":"2025-08-05T10:27:02","date_gmt":"2025-08-05T10:27:02","guid":{"rendered":"https:\/\/www.lodelmomentoloja.com\/?p=27156"},"modified":"2025-08-05T19:28:59","modified_gmt":"2025-08-05T19:28:59","slug":"daniel-noboa-realizara-una-nueva-gira-internacional-por-tres-paises-sudamericanos","status":"publish","type":"post","link":"https:\/\/www.lodelmomentoloja.com\/?p=27156","title":{"rendered":"DANIEL NOBOA REALIZAR\u00c1 UNA NUEVA GIRA INTERNACIONAL POR TRES PA\u00cdSES SUDAMERICANOS"},"content":{"rendered":"<p>\ud83c\uddea\ud83c\udde8\ud83d\udeeb\ud83d\udd74\ud83c\udffb\u00a1En este mismo mes! De acuerdo a la informaci\u00f3n emitida por la canciller Gabriela Sommerfeld, el primer mandatario realizar\u00e1 una nueva gira internacional el 17 de agosto que incluir\u00e1 a tres pa\u00edses sudamericanos, Brasil, Argentina y Uruguay. Adem\u00e1s se prev\u00e9 que a finales de este mismo mes, el presidente Noboa viaje a Jap\u00f3n para tratar un convenio bilateral de comercio.<\/p>\n<p>\ud83c\udf10\u2705 S\u00edguenos en nuestra p\u00e1gina verificada: https:\/\/www.facebook.com\/lodelmomentolojaEC<\/p>\n<p>www.lodelmomentoloja.com<br \/>\n<a class=\"x1i10hfl xjbqb8w x1ejq31n x18oe1m7 x1sy0etr xstzfhl x972fbf x10w94by x1qhh985 x14e42zd x9f619 x1ypdohk xt0psk2 xe8uvvx xdj266r x14z9mp xat24cr x1lziwak xexx8yu xyri2b x18d9i69 x1c1uobl x16tdsg8 x1hl2dhg xggy1nq x1a2a7pz  _aa9_ _a6hd\" tabindex=\"0\" role=\"link\" href=\"https:\/\/www.instagram.com\/explore\/tags\/ldmnoticias\/\">#LDMnoticias<\/a>\u00a0<a class=\"x1i10hfl xjbqb8w x1ejq31n x18oe1m7 x1sy0etr xstzfhl x972fbf x10w94by x1qhh985 x14e42zd x9f619 x1ypdohk xt0psk2 xe8uvvx xdj266r x14z9mp xat24cr x1lziwak xexx8yu xyri2b x18d9i69 x1c1uobl x16tdsg8 x1hl2dhg xggy1nq x1a2a7pz  _aa9_ _a6hd\" tabindex=\"0\" role=\"link\" href=\"https:\/\/www.instagram.com\/explore\/tags\/lodelmomentolojaldm\/\">#lodelmomentolojaLDM<\/a><\/p>\n","protected":false},"excerpt":{"rendered":"<p>\ud83c\uddea\ud83c\udde8\ud83d\udeeb\ud83d\udd74\ud83c\udffb\u00a1En este mismo mes! De acuerdo a la informaci\u00f3n emitida por la canciller Gabriela Sommerfeld,&#8230;<\/p>\n","protected":false},"author":1,"featured_media":27157,"comment_status":"open","ping_status":"open","sticky":false,"template":"","format":"standard","meta":{"footnotes":""},"categories":[7,1,4],"tags":[],"class_list":["post-27156","post","type-post","status-publish","format-standard","has-post-thumbnail","hentry","category-ecuador","category-inicio","category-internacional"],"_links":{"self":[{"href":"https:\/\/www.lodelmomentoloja.com\/index.php?rest_route=\/wp\/v2\/posts\/27156"}],"collection":[{"href":"https:\/\/www.lodelmomentoloja.com\/index.php?rest_route=\/wp\/v2\/posts"}],"about":[{"href":"https:\/\/www.lodelmomentoloja.com\/index.php?rest_route=\/wp\/v2\/types\/post"}],"author":[{"embeddable":true,"href":"https:\/\/www.lodelmomentoloja.com\/index.php?rest_route=\/wp\/v2\/users\/1"}],"replies":[{"embeddable":true,"href":"https:\/\/www.lodelmomentoloja.com\/index.php?rest_route=%2Fwp%2Fv2%2Fcomments&post=27156"}],"version-history":[{"count":1,"href":"https:\/\/www.lodelmomentoloja.com\/index.php?rest_route=\/wp\/v2\/posts\/27156\/revisions"}],"predecessor-version":[{"id":27158,"href":"https:\/\/www.lodelmomentoloja.com\/index.php?rest_route=\/wp\/v2\/posts\/27156\/revisions\/27158"}],"wp:featuredmedia":[{"embeddable":true,"href":"https:\/\/www.lodelmomentoloja.com\/index.php?rest_route=\/wp\/v2\/media\/27157"}],"wp:attachment":[{"href":"https:\/\/www.lodelmomentoloja.com\/index.php?rest_route=%2Fwp%2Fv2%2Fmedia&parent=27156"}],"wp:term":[{"taxonomy":"category","embeddable":true,"href":"https:\/\/www.lodelmomentoloja.com\/index.php?rest_route=%2Fwp%2Fv2%2Fcategories&post=27156"},{"taxonomy":"post_tag","embeddable":true,"href":"https:\/\/www.lodelmomentoloja.com\/index.php?rest_route=%2Fwp%2Fv2%2Ftags&post=27156"}],"curies":[{"name":"wp","href":"https:\/\/api.w.org\/{rel}","templated":true}]}}