{"id":27147,"date":"2025-08-05T08:27:34","date_gmt":"2025-08-05T08:27:34","guid":{"rendered":"https:\/\/www.lodelmomentoloja.com\/?p=27147"},"modified":"2025-08-05T13:29:16","modified_gmt":"2025-08-05T13:29:16","slug":"danos-en-sector-salapa-se-extendieron-hasta-este-05-de-agosto","status":"publish","type":"post","link":"https:\/\/www.lodelmomentoloja.com\/?p=27147","title":{"rendered":"DA\u00d1OS EN SECTOR SALAPA SE EXTENDIERON HASTA ESTE 05 DE AGOSTO"},"content":{"rendered":"<p>\ud83d\udea8\ud83d\udeb1\ud83c\udfd8\ufe0f\u00a1Sigue el da\u00f1o! Desde el Municipio de Loja, se informa que las labores de reparaci\u00f3n de los da\u00f1os en el sector Salapa se extendieron hasta el d\u00eda de hoy, el personal de la Umapal, se encuentra en el lugar terminando de reparar el problema. Adem\u00e1s se prev\u00e9 que en horas de la ma\u00f1ana de este 05 de agosto, se env\u00ede caudal a la planta de tratamiento Carig\u00e1n y en el transcurso del d\u00eda, procurar normalizar el servicio a los hogares lojanos.<\/p>\n<p>\ud83c\udf10\u2705 S\u00edguenos en nuestra p\u00e1gina verificada: https:\/\/www.facebook.com\/lodelmomentolojaEC<\/p>\n<p>www.lodelmomentoloja.com<br \/>\n<a class=\"x1i10hfl xjbqb8w x1ejq31n x18oe1m7 x1sy0etr xstzfhl x972fbf x10w94by x1qhh985 x14e42zd x9f619 x1ypdohk xt0psk2 xe8uvvx xdj266r x14z9mp xat24cr x1lziwak xexx8yu xyri2b x18d9i69 x1c1uobl x16tdsg8 x1hl2dhg xggy1nq x1a2a7pz  _aa9_ _a6hd\" tabindex=\"0\" role=\"link\" href=\"https:\/\/www.instagram.com\/explore\/tags\/ldmnoticias\/\">#LDMnoticias<\/a>\u00a0<a class=\"x1i10hfl xjbqb8w x1ejq31n x18oe1m7 x1sy0etr xstzfhl x972fbf x10w94by x1qhh985 x14e42zd x9f619 x1ypdohk xt0psk2 xe8uvvx xdj266r x14z9mp xat24cr x1lziwak xexx8yu xyri2b x18d9i69 x1c1uobl x16tdsg8 x1hl2dhg xggy1nq x1a2a7pz  _aa9_ _a6hd\" tabindex=\"0\" role=\"link\" href=\"https:\/\/www.instagram.com\/explore\/tags\/lodelmomentolojaldm\/\">#lodelmomentolojaLDM<\/a><\/p>\n","protected":false},"excerpt":{"rendered":"<p>\ud83d\udea8\ud83d\udeb1\ud83c\udfd8\ufe0f\u00a1Sigue el da\u00f1o! Desde el Municipio de Loja, se informa que las labores de reparaci\u00f3n&#8230;<\/p>\n","protected":false},"author":1,"featured_media":27148,"comment_status":"open","ping_status":"open","sticky":false,"template":"","format":"standard","meta":{"footnotes":""},"categories":[7,1,5],"tags":[],"class_list":["post-27147","post","type-post","status-publish","format-standard","has-post-thumbnail","hentry","category-ecuador","category-inicio","category-loja"],"_links":{"self":[{"href":"https:\/\/www.lodelmomentoloja.com\/index.php?rest_route=\/wp\/v2\/posts\/27147"}],"collection":[{"href":"https:\/\/www.lodelmomentoloja.com\/index.php?rest_route=\/wp\/v2\/posts"}],"about":[{"href":"https:\/\/www.lodelmomentoloja.com\/index.php?rest_route=\/wp\/v2\/types\/post"}],"author":[{"embeddable":true,"href":"https:\/\/www.lodelmomentoloja.com\/index.php?rest_route=\/wp\/v2\/users\/1"}],"replies":[{"embeddable":true,"href":"https:\/\/www.lodelmomentoloja.com\/index.php?rest_route=%2Fwp%2Fv2%2Fcomments&post=27147"}],"version-history":[{"count":1,"href":"https:\/\/www.lodelmomentoloja.com\/index.php?rest_route=\/wp\/v2\/posts\/27147\/revisions"}],"predecessor-version":[{"id":27149,"href":"https:\/\/www.lodelmomentoloja.com\/index.php?rest_route=\/wp\/v2\/posts\/27147\/revisions\/27149"}],"wp:featuredmedia":[{"embeddable":true,"href":"https:\/\/www.lodelmomentoloja.com\/index.php?rest_route=\/wp\/v2\/media\/27148"}],"wp:attachment":[{"href":"https:\/\/www.lodelmomentoloja.com\/index.php?rest_route=%2Fwp%2Fv2%2Fmedia&parent=27147"}],"wp:term":[{"taxonomy":"category","embeddable":true,"href":"https:\/\/www.lodelmomentoloja.com\/index.php?rest_route=%2Fwp%2Fv2%2Fcategories&post=27147"},{"taxonomy":"post_tag","embeddable":true,"href":"https:\/\/www.lodelmomentoloja.com\/index.php?rest_route=%2Fwp%2Fv2%2Ftags&post=27147"}],"curies":[{"name":"wp","href":"https:\/\/api.w.org\/{rel}","templated":true}]}}