{"id":27140,"date":"2025-08-04T14:52:31","date_gmt":"2025-08-04T14:52:31","guid":{"rendered":"https:\/\/www.lodelmomentoloja.com\/?p=27140"},"modified":"2025-08-04T20:54:06","modified_gmt":"2025-08-04T20:54:06","slug":"gobierno-activa-plan-de-emergencia-para-arrendar-energia-flotante","status":"publish","type":"post","link":"https:\/\/www.lodelmomentoloja.com\/?p=27140","title":{"rendered":"GOBIERNO ACTIVA PLAN DE EMERGENCIA PARA ARRENDAR ENERG\u00cdA FLOTANTE"},"content":{"rendered":"<p>\ud83c\uddea\ud83c\udde8\ud83d\udce1\u26a1\u00a1Si habr\u00e1 energ\u00eda! El Gobierno de Daniel Noboa, a trav\u00e9s de su vocera Carolina Jaramillo, este 4 de agosto de 2025 descart\u00f3 definitivamente la contrataci\u00f3n de 260 MW de generaci\u00f3n t\u00e9rmica terrestre tras declarar desierto el proceso. En su lugar, activ\u00f3 un nuevo plan de emergencia: arrendar hasta 230 MW de energ\u00eda flotante o barcazas, una soluci\u00f3n costosa y cuestionada, pero que ya forma parte central de la estrategia para el estiaje 2025-2026. En 2024, el Gobierno ya alquil\u00f3 tres barcazas que siguen con contratos vigentes.<\/p>\n<p>\ud83c\udf10\u2705 S\u00edguenos en nuestra p\u00e1gina verificada: https:\/\/www.facebook.com\/lodelmomentolojaEC<\/p>\n<p>www.lodelmomentoloja.com<br \/>\n<a class=\"x1i10hfl xjbqb8w x1ejq31n x18oe1m7 x1sy0etr xstzfhl x972fbf x10w94by x1qhh985 x14e42zd x9f619 x1ypdohk xt0psk2 xe8uvvx xdj266r x14z9mp xat24cr x1lziwak xexx8yu xyri2b x18d9i69 x1c1uobl x16tdsg8 x1hl2dhg xggy1nq x1a2a7pz  _aa9_ _a6hd\" tabindex=\"0\" role=\"link\" href=\"https:\/\/www.instagram.com\/explore\/tags\/ldmnoticias\/\">#LDMnoticias<\/a>\u00a0<a class=\"x1i10hfl xjbqb8w x1ejq31n x18oe1m7 x1sy0etr xstzfhl x972fbf x10w94by x1qhh985 x14e42zd x9f619 x1ypdohk xt0psk2 xe8uvvx xdj266r x14z9mp xat24cr x1lziwak xexx8yu xyri2b x18d9i69 x1c1uobl x16tdsg8 x1hl2dhg xggy1nq x1a2a7pz  _aa9_ _a6hd\" tabindex=\"0\" role=\"link\" href=\"https:\/\/www.instagram.com\/explore\/tags\/lodelmomentolojaldm\/\">#lodelmomentolojaLDM<\/a><\/p>\n","protected":false},"excerpt":{"rendered":"<p>\ud83c\uddea\ud83c\udde8\ud83d\udce1\u26a1\u00a1Si habr\u00e1 energ\u00eda! El Gobierno de Daniel Noboa, a trav\u00e9s de su vocera Carolina Jaramillo,&#8230;<\/p>\n","protected":false},"author":1,"featured_media":27141,"comment_status":"open","ping_status":"open","sticky":false,"template":"","format":"standard","meta":{"footnotes":""},"categories":[7,1,4],"tags":[],"class_list":["post-27140","post","type-post","status-publish","format-standard","has-post-thumbnail","hentry","category-ecuador","category-inicio","category-internacional"],"_links":{"self":[{"href":"https:\/\/www.lodelmomentoloja.com\/index.php?rest_route=\/wp\/v2\/posts\/27140"}],"collection":[{"href":"https:\/\/www.lodelmomentoloja.com\/index.php?rest_route=\/wp\/v2\/posts"}],"about":[{"href":"https:\/\/www.lodelmomentoloja.com\/index.php?rest_route=\/wp\/v2\/types\/post"}],"author":[{"embeddable":true,"href":"https:\/\/www.lodelmomentoloja.com\/index.php?rest_route=\/wp\/v2\/users\/1"}],"replies":[{"embeddable":true,"href":"https:\/\/www.lodelmomentoloja.com\/index.php?rest_route=%2Fwp%2Fv2%2Fcomments&post=27140"}],"version-history":[{"count":1,"href":"https:\/\/www.lodelmomentoloja.com\/index.php?rest_route=\/wp\/v2\/posts\/27140\/revisions"}],"predecessor-version":[{"id":27142,"href":"https:\/\/www.lodelmomentoloja.com\/index.php?rest_route=\/wp\/v2\/posts\/27140\/revisions\/27142"}],"wp:featuredmedia":[{"embeddable":true,"href":"https:\/\/www.lodelmomentoloja.com\/index.php?rest_route=\/wp\/v2\/media\/27141"}],"wp:attachment":[{"href":"https:\/\/www.lodelmomentoloja.com\/index.php?rest_route=%2Fwp%2Fv2%2Fmedia&parent=27140"}],"wp:term":[{"taxonomy":"category","embeddable":true,"href":"https:\/\/www.lodelmomentoloja.com\/index.php?rest_route=%2Fwp%2Fv2%2Fcategories&post=27140"},{"taxonomy":"post_tag","embeddable":true,"href":"https:\/\/www.lodelmomentoloja.com\/index.php?rest_route=%2Fwp%2Fv2%2Ftags&post=27140"}],"curies":[{"name":"wp","href":"https:\/\/api.w.org\/{rel}","templated":true}]}}