{"id":27133,"date":"2025-08-04T11:04:49","date_gmt":"2025-08-04T11:04:49","guid":{"rendered":"https:\/\/www.lodelmomentoloja.com\/?p=27133"},"modified":"2025-08-04T20:50:28","modified_gmt":"2025-08-04T20:50:28","slug":"priostes-cuencanos-entregan-trajes-para-las-festividades-de-la-churonita","status":"publish","type":"post","link":"https:\/\/www.lodelmomentoloja.com\/?p=27133","title":{"rendered":"Priostes cuencanos entregan trajes para las festividades de \u201cLa Churonita\u201d"},"content":{"rendered":"<p><img loading=\"lazy\" decoding=\"async\" class=\"wp-image-27135 aligncenter\" src=\"http:\/\/www.lodelmomentoloja.com\/wp-content\/uploads\/2025\/08\/WhatsApp-Image-2025-08-04-at-3.39.39-PM-300x169.jpeg\" alt=\"\" width=\"586\" height=\"330\" srcset=\"https:\/\/www.lodelmomentoloja.com\/wp-content\/uploads\/2025\/08\/WhatsApp-Image-2025-08-04-at-3.39.39-PM-300x169.jpeg 300w, https:\/\/www.lodelmomentoloja.com\/wp-content\/uploads\/2025\/08\/WhatsApp-Image-2025-08-04-at-3.39.39-PM-1024x576.jpeg 1024w, https:\/\/www.lodelmomentoloja.com\/wp-content\/uploads\/2025\/08\/WhatsApp-Image-2025-08-04-at-3.39.39-PM-768x432.jpeg 768w, https:\/\/www.lodelmomentoloja.com\/wp-content\/uploads\/2025\/08\/WhatsApp-Image-2025-08-04-at-3.39.39-PM-640x360.jpeg 640w, https:\/\/www.lodelmomentoloja.com\/wp-content\/uploads\/2025\/08\/WhatsApp-Image-2025-08-04-at-3.39.39-PM-1536x864.jpeg 1536w, https:\/\/www.lodelmomentoloja.com\/wp-content\/uploads\/2025\/08\/WhatsApp-Image-2025-08-04-at-3.39.39-PM.jpeg 1600w\" sizes=\"(max-width: 586px) 100vw, 586px\" \/><\/p>\n<p>\ud83d\udc51\ud83d\ude4f\ud83c\udffb\ud83c\udf89 \u00a1Llenos de fe y devoci\u00f3n! En el marco de las festividades en honor a la Virgen de El Cisne, dos atuendos confeccionados por talentosos artesanos cuencanos, vestir\u00e1n a la Sagrada Imagen durante la jornada previa a la tradicional romer\u00eda; cada uno de los trajes ha sido elaborado con los devotos quienes muestran su fe a trav\u00e9s de sus dise\u00f1os, utilizando finas telas y bordados a mano.<\/p>\n<div style=\"width: 640px;\" class=\"wp-video\"><!--[if lt IE 9]><script>document.createElement('video');<\/script><![endif]-->\n<video class=\"wp-video-shortcode\" id=\"video-27133-1\" width=\"640\" height=\"360\" preload=\"metadata\" controls=\"controls\"><source type=\"video\/mp4\" src=\"http:\/\/www.lodelmomentoloja.com\/wp-content\/uploads\/2025\/08\/TRAJES-DE-LA-CHURONITA-REDUCIDO.mp4?_=1\" \/><a href=\"http:\/\/www.lodelmomentoloja.com\/wp-content\/uploads\/2025\/08\/TRAJES-DE-LA-CHURONITA-REDUCIDO.mp4\">http:\/\/www.lodelmomentoloja.com\/wp-content\/uploads\/2025\/08\/TRAJES-DE-LA-CHURONITA-REDUCIDO.mp4<\/a><\/video><\/div>\n<p>En el marco de las festividades en honor a la Virgen de El Cisne, dos atuendos confeccionados por talentosos artesanos cuencanos, vestir\u00e1n a la Sagrada Imagen durante la jornada previa a la tradicional romer\u00eda que se desarrollar\u00e1 el pr\u00f3ximo 17 de agosto.<\/p>\n<p>Cada uno de los trajes ha sido elaborado con los devotos quienes muestran su fe a trav\u00e9s de sus dise\u00f1os, utilizando finas telas y bordados a mano.<\/p>\n<p>El primer atuendo fue entregado el pasado 01 de agosto, conformado por dos colores el blanco y el vino con detalles en tono plata. Adem\u00e1s, estar\u00e1 decorado con pedrer\u00eda que resalta la prenda. El traje fue entregado por los devotos migrantes a los representantes del Comit\u00e9 15 de Agosto quienes realizaron la entrega oficial a las autoridades eclesi\u00e1sticas.<\/p>\n<p>La otra vestimenta ser\u00e1 en color palo de rosa que, a m\u00e1s de estar elaborado en capas de tafeta, carola y sat\u00edn, representa la \u201cCoronaci\u00f3n de Mar\u00eda Sant\u00edsima\u201d y tambi\u00e9n a la Sagrada Familia.<\/p>\n<p>Se prev\u00e9 que estos trajes sean utilizados los d\u00edas 14 y 15 de agosto, fecha en la que los feligreses azuayos rindan homenaje a \u201cLa Churonita\u201d.<\/p>\n<p>Como parte de la agenda, el jueves 14 de agosto, la programaci\u00f3n inicia a las 10H00 con la entrega de la custodia de la Imagen a los priostes. A las 12h00, los priostes har\u00e1n su ingreso al campo mariano; a las 13h00 el tradicional baile de comparsas con la participaci\u00f3n de las floreras y las cholitas cuencanas, adem\u00e1s, habr\u00e1 una serenata.<\/p>\n<p>Por la tarde, se llevar\u00e1 a cabo a la misa de v\u00edsperas a las 18h00 y la para la noche, grandes artistas nacionales e internacionales estar\u00e1n en escena como Mar\u00eda de los \u00c1ngeles, M\u00e1ximo Escaleras, Byron Caicedo, Grupo Bambole y Yo me llamo Jinsop.<\/p>\n<p>Los fieles devotos ya esperan con gran expectativa ver a \u201cLa Churonita\u201d luciendo cada traje que representan un acto de fe, gratitud y compromiso cultural de los artesanos.<\/p>\n<p>Noticia Completa \ud83d\udcf2: https:\/\/youtu.be\/QddGaHW8eSY<\/p>\n<p>\ud83c\udf10\u2705 S\u00edguenos en nuestra p\u00e1gina verificada: https:\/\/www.facebook.com\/lodelmomentolojaEC<\/p>\n<p>www.lodelmomentoloja.com<br \/>\n<a class=\"x1i10hfl xjbqb8w x1ejq31n x18oe1m7 x1sy0etr xstzfhl x972fbf x10w94by x1qhh985 x14e42zd x9f619 x1ypdohk xt0psk2 xe8uvvx xdj266r x14z9mp xat24cr x1lziwak xexx8yu xyri2b x18d9i69 x1c1uobl x16tdsg8 x1hl2dhg xggy1nq x1a2a7pz  _aa9_ _a6hd\" tabindex=\"0\" role=\"link\" href=\"https:\/\/www.instagram.com\/explore\/tags\/ldmnoticias\/\">#LDMnoticias<\/a>\u00a0<a class=\"x1i10hfl xjbqb8w x1ejq31n x18oe1m7 x1sy0etr xstzfhl x972fbf x10w94by x1qhh985 x14e42zd x9f619 x1ypdohk xt0psk2 xe8uvvx xdj266r x14z9mp xat24cr x1lziwak xexx8yu xyri2b x18d9i69 x1c1uobl x16tdsg8 x1hl2dhg xggy1nq x1a2a7pz  _aa9_ _a6hd\" tabindex=\"0\" role=\"link\" href=\"https:\/\/www.instagram.com\/explore\/tags\/lodelmomentolojaldm\/\">#lodelmomentolojaLDM<\/a><\/p>\n","protected":false},"excerpt":{"rendered":"<p>\ud83d\udc51\ud83d\ude4f\ud83c\udffb\ud83c\udf89 \u00a1Llenos de fe y devoci\u00f3n! En el marco de las festividades en honor a&#8230;<\/p>\n","protected":false},"author":1,"featured_media":0,"comment_status":"open","ping_status":"open","sticky":false,"template":"","format":"standard","meta":{"footnotes":""},"categories":[7,1,5],"tags":[],"class_list":["post-27133","post","type-post","status-publish","format-standard","hentry","category-ecuador","category-inicio","category-loja"],"_links":{"self":[{"href":"https:\/\/www.lodelmomentoloja.com\/index.php?rest_route=\/wp\/v2\/posts\/27133"}],"collection":[{"href":"https:\/\/www.lodelmomentoloja.com\/index.php?rest_route=\/wp\/v2\/posts"}],"about":[{"href":"https:\/\/www.lodelmomentoloja.com\/index.php?rest_route=\/wp\/v2\/types\/post"}],"author":[{"embeddable":true,"href":"https:\/\/www.lodelmomentoloja.com\/index.php?rest_route=\/wp\/v2\/users\/1"}],"replies":[{"embeddable":true,"href":"https:\/\/www.lodelmomentoloja.com\/index.php?rest_route=%2Fwp%2Fv2%2Fcomments&post=27133"}],"version-history":[{"count":1,"href":"https:\/\/www.lodelmomentoloja.com\/index.php?rest_route=\/wp\/v2\/posts\/27133\/revisions"}],"predecessor-version":[{"id":27136,"href":"https:\/\/www.lodelmomentoloja.com\/index.php?rest_route=\/wp\/v2\/posts\/27133\/revisions\/27136"}],"wp:attachment":[{"href":"https:\/\/www.lodelmomentoloja.com\/index.php?rest_route=%2Fwp%2Fv2%2Fmedia&parent=27133"}],"wp:term":[{"taxonomy":"category","embeddable":true,"href":"https:\/\/www.lodelmomentoloja.com\/index.php?rest_route=%2Fwp%2Fv2%2Fcategories&post=27133"},{"taxonomy":"post_tag","embeddable":true,"href":"https:\/\/www.lodelmomentoloja.com\/index.php?rest_route=%2Fwp%2Fv2%2Ftags&post=27133"}],"curies":[{"name":"wp","href":"https:\/\/api.w.org\/{rel}","templated":true}]}}