{"id":27115,"date":"2025-07-31T15:07:10","date_gmt":"2025-07-31T15:07:10","guid":{"rendered":"https:\/\/www.lodelmomentoloja.com\/?p=27115"},"modified":"2025-07-31T20:19:13","modified_gmt":"2025-07-31T20:19:13","slug":"rafael-correa-anuncia-su-victoria-en-el-juicio-por-presunto-sobreendeudamiento","status":"publish","type":"post","link":"https:\/\/www.lodelmomentoloja.com\/?p=27115","title":{"rendered":"Rafael Correa anuncia su victoria en el juicio por presunto sobreendeudamiento."},"content":{"rendered":"<p><img loading=\"lazy\" decoding=\"async\" class=\" wp-image-27117 aligncenter\" src=\"http:\/\/www.lodelmomentoloja.com\/wp-content\/uploads\/2025\/07\/NOTA-2-300x169.jpg\" alt=\"\" width=\"410\" height=\"231\" srcset=\"https:\/\/www.lodelmomentoloja.com\/wp-content\/uploads\/2025\/07\/NOTA-2-300x169.jpg 300w, https:\/\/www.lodelmomentoloja.com\/wp-content\/uploads\/2025\/07\/NOTA-2-1024x576.jpg 1024w, https:\/\/www.lodelmomentoloja.com\/wp-content\/uploads\/2025\/07\/NOTA-2-768x432.jpg 768w, https:\/\/www.lodelmomentoloja.com\/wp-content\/uploads\/2025\/07\/NOTA-2-640x360.jpg 640w, https:\/\/www.lodelmomentoloja.com\/wp-content\/uploads\/2025\/07\/NOTA-2-1536x864.jpg 1536w, https:\/\/www.lodelmomentoloja.com\/wp-content\/uploads\/2025\/07\/NOTA-2.jpg 1920w\" sizes=\"(max-width: 410px) 100vw, 410px\" \/><\/p>\n<p>A trav\u00e9s de sus redes sociales, el expresidente de la Rep\u00fablica, Rafael Correa anunci\u00f3 su victoria en el juicio por el presunto sobreendeudamiento del pa\u00eds, luego de que la Corte Nacional de Justicia declarara inadmisible un recurso de casaci\u00f3n presentado por la Contralor\u00eda General del Estado dejando sin efecto el informe que determinaba la responsabilidad del exmandatario.<\/p>\n<div style=\"width: 640px;\" class=\"wp-video\"><!--[if lt IE 9]><script>document.createElement('video');<\/script><![endif]-->\n<video class=\"wp-video-shortcode\" id=\"video-27115-1\" width=\"640\" height=\"360\" preload=\"metadata\" controls=\"controls\"><source type=\"video\/mp4\" src=\"http:\/\/www.lodelmomentoloja.com\/wp-content\/uploads\/2025\/07\/CASO-SOBREENDEUDAMIENTO-REDUCIDO.mp4?_=1\" \/><a href=\"http:\/\/www.lodelmomentoloja.com\/wp-content\/uploads\/2025\/07\/CASO-SOBREENDEUDAMIENTO-REDUCIDO.mp4\">http:\/\/www.lodelmomentoloja.com\/wp-content\/uploads\/2025\/07\/CASO-SOBREENDEUDAMIENTO-REDUCIDO.mp4<\/a><\/video><\/div>\n<p>El caso se remonta al a\u00f1o 2018 cuando el ex contralor subrogante Pablo Celi, procesado en 2023 por d3l1ncvenc14 organizada en el caso Las Torres, aprob\u00f3 el informe en el que se se\u00f1alaban supuestas irregularidades en el manejo de la deuda p\u00fablica entre los a\u00f1os 2012 y 2016.<\/p>\n<p>Seg\u00fan lo estipula el C\u00f3digo Org\u00e1nico de Planificaci\u00f3n y Finanzas P\u00fablicas en su art. 124 el techo de endeudamiento es del 40% del PIB, no obstante, la Contralor\u00eda argumentaba que durante el Gobierno de Rafael Correa la deuda alcanz\u00f3 los USD 60.000 millones aproximadamente, mont\u00f3 que, seg\u00fan la Contralor\u00eda, ser\u00eda superior al 60% del PIB por lo que existir\u00edan indicios de responsabilidad penal contra el exmandatario y sus exfuncionarios.<\/p>\n<p>Sin embargo, el Tribunal Distrital Contencioso Administrativo de Guayaquil ya hab\u00eda emitido una resoluci\u00f3n favorable para el exmandatario en el a\u00f1o 2022, a\u00f1o en que la instituci\u00f3n acogi\u00f3 la demanda de Correa y anul\u00f3 el informe, tras considerar la vulneraci\u00f3n del debido proceso y garant\u00edas constitucionales alegando que el documento fue emitido \u201csin competencia en raz\u00f3n del tiempo\u201d.<\/p>\n<p>Pero la Contralor\u00eda, apel\u00f3 la resoluci\u00f3n con un recurso de casaci\u00f3n que fue desestimado por la Corte Nacional al no cumplir con los requisitos legales formales.<\/p>\n<p>A trav\u00e9s de su cuenta de X, el expresidente celebr\u00f3 la decisi\u00f3n \u201cacabamos de ganar el juicio por el supuesto sobreendeudamiento\u201d escribi\u00f3 y tambi\u00e9n arremeti\u00f3 contra la prensa a acus\u00f3 de haber replicado una narrativa de persecuci\u00f3n.<\/p>\n<p>\u201c\u00bfQui\u00e9n recoge ahora todos los bulos y mentiras? \u00bfQui\u00e9n devuelve todo el gasto en abogados y la vida que se te va con tanta persecuci\u00f3n?\u201d, a\u00f1adi\u00f3 Correa.<\/p>\n<p>\ud83c\udf10\u2705 S\u00edguenos en nuestra p\u00e1gina verificada: https:\/\/www.facebook.com\/lodelmomentolojaEC<\/p>\n<p>www.lodelmomentoloja.com<br \/>\n#LDMnoticias #lodelmomentolojaLDM<\/p>\n","protected":false},"excerpt":{"rendered":"<p>A trav\u00e9s de sus redes sociales, el expresidente de la Rep\u00fablica, Rafael Correa anunci\u00f3 su&#8230;<\/p>\n","protected":false},"author":1,"featured_media":0,"comment_status":"open","ping_status":"open","sticky":false,"template":"","format":"standard","meta":{"footnotes":""},"categories":[7,1,4],"tags":[],"class_list":["post-27115","post","type-post","status-publish","format-standard","hentry","category-ecuador","category-inicio","category-internacional"],"_links":{"self":[{"href":"https:\/\/www.lodelmomentoloja.com\/index.php?rest_route=\/wp\/v2\/posts\/27115"}],"collection":[{"href":"https:\/\/www.lodelmomentoloja.com\/index.php?rest_route=\/wp\/v2\/posts"}],"about":[{"href":"https:\/\/www.lodelmomentoloja.com\/index.php?rest_route=\/wp\/v2\/types\/post"}],"author":[{"embeddable":true,"href":"https:\/\/www.lodelmomentoloja.com\/index.php?rest_route=\/wp\/v2\/users\/1"}],"replies":[{"embeddable":true,"href":"https:\/\/www.lodelmomentoloja.com\/index.php?rest_route=%2Fwp%2Fv2%2Fcomments&post=27115"}],"version-history":[{"count":2,"href":"https:\/\/www.lodelmomentoloja.com\/index.php?rest_route=\/wp\/v2\/posts\/27115\/revisions"}],"predecessor-version":[{"id":27119,"href":"https:\/\/www.lodelmomentoloja.com\/index.php?rest_route=\/wp\/v2\/posts\/27115\/revisions\/27119"}],"wp:attachment":[{"href":"https:\/\/www.lodelmomentoloja.com\/index.php?rest_route=%2Fwp%2Fv2%2Fmedia&parent=27115"}],"wp:term":[{"taxonomy":"category","embeddable":true,"href":"https:\/\/www.lodelmomentoloja.com\/index.php?rest_route=%2Fwp%2Fv2%2Fcategories&post=27115"},{"taxonomy":"post_tag","embeddable":true,"href":"https:\/\/www.lodelmomentoloja.com\/index.php?rest_route=%2Fwp%2Fv2%2Ftags&post=27115"}],"curies":[{"name":"wp","href":"https:\/\/api.w.org\/{rel}","templated":true}]}}