{"id":27108,"date":"2025-07-31T14:57:22","date_gmt":"2025-07-31T14:57:22","guid":{"rendered":"https:\/\/www.lodelmomentoloja.com\/?p=27108"},"modified":"2025-07-31T19:59:21","modified_gmt":"2025-07-31T19:59:21","slug":"estudiantes-del-ist-sudamericano-participan-en-el-programa-movilidad-estudiantil-en-quito","status":"publish","type":"post","link":"https:\/\/www.lodelmomentoloja.com\/?p=27108","title":{"rendered":"ESTUDIANTES DEL IST SUDAMERICANO PARTICIPAN EN EL PROGRAMA MOVILIDAD ESTUDIANTIL EN QUITO"},"content":{"rendered":"<p>\ud83d\udc69\ud83c\udffb\u200d\u2695\ufe0f\ud83d\udc89\ud83d\udc8a\u00a1Representando a Loja! Como parte de las acciones de internacionalizaci\u00f3n y fortalecimiento acad\u00e9mico, varios estudiantes de la carrera de Enfermer\u00eda del Instituto Superior Tecnol\u00f3gico Sudamericano participan en el programa de movilidad estudiantil, siendo recibidos en el campus del Instituto Superior Tecnol\u00f3gico Tecnoecuatoriano, ubicado en la ciudad de Quito. Esta experiencia acad\u00e9mica tiene como prop\u00f3sito enriquecer el proceso formativo de los estudiantes a trav\u00e9s del intercambio de conocimientos, metodolog\u00edas y vivencias que aporten a su crecimiento profesional y personal.<\/p>\n<p>\ud83c\udf10\u2705 S\u00edguenos en nuestra p\u00e1gina verificada: https:\/\/www.facebook.com\/lodelmomentolojaEC<\/p>\n<p>www.lodelmomentoloja.com<br \/>\n<a class=\"x1i10hfl xjbqb8w x1ejq31n x18oe1m7 x1sy0etr xstzfhl x972fbf x10w94by x1qhh985 x14e42zd x9f619 x1ypdohk xt0psk2 xe8uvvx xdj266r x14z9mp xat24cr x1lziwak xexx8yu xyri2b x18d9i69 x1c1uobl x16tdsg8 x1hl2dhg xggy1nq x1a2a7pz  _aa9_ _a6hd\" tabindex=\"0\" role=\"link\" href=\"https:\/\/www.instagram.com\/explore\/tags\/ldmnoticias\/\">#LDMnoticias<\/a>\u00a0<a class=\"x1i10hfl xjbqb8w x1ejq31n x18oe1m7 x1sy0etr xstzfhl x972fbf x10w94by x1qhh985 x14e42zd x9f619 x1ypdohk xt0psk2 xe8uvvx xdj266r x14z9mp xat24cr x1lziwak xexx8yu xyri2b x18d9i69 x1c1uobl x16tdsg8 x1hl2dhg xggy1nq x1a2a7pz  _aa9_ _a6hd\" tabindex=\"0\" role=\"link\" href=\"https:\/\/www.instagram.com\/explore\/tags\/lodelmomentolojaldm\/\">#lodelmomentolojaLDM<\/a><\/p>\n","protected":false},"excerpt":{"rendered":"<p>\ud83d\udc69\ud83c\udffb\u200d\u2695\ufe0f\ud83d\udc89\ud83d\udc8a\u00a1Representando a Loja! Como parte de las acciones de internacionalizaci\u00f3n y fortalecimiento acad\u00e9mico, varios estudiantes&#8230;<\/p>\n","protected":false},"author":1,"featured_media":27109,"comment_status":"open","ping_status":"open","sticky":false,"template":"","format":"standard","meta":{"footnotes":""},"categories":[7,1,5],"tags":[],"class_list":["post-27108","post","type-post","status-publish","format-standard","has-post-thumbnail","hentry","category-ecuador","category-inicio","category-loja"],"_links":{"self":[{"href":"https:\/\/www.lodelmomentoloja.com\/index.php?rest_route=\/wp\/v2\/posts\/27108"}],"collection":[{"href":"https:\/\/www.lodelmomentoloja.com\/index.php?rest_route=\/wp\/v2\/posts"}],"about":[{"href":"https:\/\/www.lodelmomentoloja.com\/index.php?rest_route=\/wp\/v2\/types\/post"}],"author":[{"embeddable":true,"href":"https:\/\/www.lodelmomentoloja.com\/index.php?rest_route=\/wp\/v2\/users\/1"}],"replies":[{"embeddable":true,"href":"https:\/\/www.lodelmomentoloja.com\/index.php?rest_route=%2Fwp%2Fv2%2Fcomments&post=27108"}],"version-history":[{"count":1,"href":"https:\/\/www.lodelmomentoloja.com\/index.php?rest_route=\/wp\/v2\/posts\/27108\/revisions"}],"predecessor-version":[{"id":27110,"href":"https:\/\/www.lodelmomentoloja.com\/index.php?rest_route=\/wp\/v2\/posts\/27108\/revisions\/27110"}],"wp:featuredmedia":[{"embeddable":true,"href":"https:\/\/www.lodelmomentoloja.com\/index.php?rest_route=\/wp\/v2\/media\/27109"}],"wp:attachment":[{"href":"https:\/\/www.lodelmomentoloja.com\/index.php?rest_route=%2Fwp%2Fv2%2Fmedia&parent=27108"}],"wp:term":[{"taxonomy":"category","embeddable":true,"href":"https:\/\/www.lodelmomentoloja.com\/index.php?rest_route=%2Fwp%2Fv2%2Fcategories&post=27108"},{"taxonomy":"post_tag","embeddable":true,"href":"https:\/\/www.lodelmomentoloja.com\/index.php?rest_route=%2Fwp%2Fv2%2Ftags&post=27108"}],"curies":[{"name":"wp","href":"https:\/\/api.w.org\/{rel}","templated":true}]}}