{"id":27091,"date":"2025-07-31T08:46:41","date_gmt":"2025-07-31T08:46:41","guid":{"rendered":"https:\/\/www.lodelmomentoloja.com\/?p=27091"},"modified":"2025-07-31T13:47:46","modified_gmt":"2025-07-31T13:47:46","slug":"4cc1d3nt3-de-transito-en-la-vuelta-al-ecuador-deja-dos-fallecidos","status":"publish","type":"post","link":"https:\/\/www.lodelmomentoloja.com\/?p=27091","title":{"rendered":"4CC1D3NT3 DE TR\u00c1NSITO EN LA &#8216;VUELTA AL ECUADOR&#8217; DEJA DOS FALLECIDOS"},"content":{"rendered":"<p>\ud83d\ude31\ud83d\udca5\ud83d\ude98\u00a1Tr\u00e1g1c0 suceso! La tercera etapa del rally Vuelta al Ecuador qued\u00f3\u00a0opacada\u00a0este 30 de julio de 2025, despu\u00e9s de un m0rt4l accidente de tr\u00e1nsito en el sector de Aguaj\u00e1n, un nuevo hecho que enluta en las v\u00edas de\u00a0Ambato, provincia de Tungurahua.\u00a0Uno de los carros que participan en la competici\u00f3n perdi\u00f3 pista en una curva e impact\u00f3 a varios espectadores, seg\u00fan se ve en im\u00e1genes difundidas de este evento deportivo. Seg\u00fan informaci\u00f3n de la Polic\u00eda, al menos dos personas fallecieron y seis resultaron heridas por esta causa, entre ellos hay un ni\u00f1o, cuyas piernas podr\u00edan ser 4mpvt4d4s por la gravedad de las heridas.<\/p>\n<p>\ud83c\udf10\u2705 S\u00edguenos en nuestra p\u00e1gina verificada: https:\/\/www.facebook.com\/lodelmomentolojaEC<\/p>\n<p>www.lodelmomentoloja.com<br \/>\n<a class=\"x1i10hfl xjbqb8w x1ejq31n x18oe1m7 x1sy0etr xstzfhl x972fbf x10w94by x1qhh985 x14e42zd x9f619 x1ypdohk xt0psk2 xe8uvvx xdj266r x14z9mp xat24cr x1lziwak xexx8yu xyri2b x18d9i69 x1c1uobl x16tdsg8 x1hl2dhg xggy1nq x1a2a7pz  _aa9_ _a6hd\" tabindex=\"0\" role=\"link\" href=\"https:\/\/www.instagram.com\/explore\/tags\/ldmnoticias\/\">#LDMnoticias<\/a>\u00a0<a class=\"x1i10hfl xjbqb8w x1ejq31n x18oe1m7 x1sy0etr xstzfhl x972fbf x10w94by x1qhh985 x14e42zd x9f619 x1ypdohk xt0psk2 xe8uvvx xdj266r x14z9mp xat24cr x1lziwak xexx8yu xyri2b x18d9i69 x1c1uobl x16tdsg8 x1hl2dhg xggy1nq x1a2a7pz  _aa9_ _a6hd\" tabindex=\"0\" role=\"link\" href=\"https:\/\/www.instagram.com\/explore\/tags\/lodelmomentolojaldm\/\">#lodelmomentolojaLDM<\/a><\/p>\n","protected":false},"excerpt":{"rendered":"<p>\ud83d\ude31\ud83d\udca5\ud83d\ude98\u00a1Tr\u00e1g1c0 suceso! La tercera etapa del rally Vuelta al Ecuador qued\u00f3\u00a0opacada\u00a0este 30 de julio de&#8230;<\/p>\n","protected":false},"author":1,"featured_media":27092,"comment_status":"open","ping_status":"open","sticky":false,"template":"","format":"standard","meta":{"footnotes":""},"categories":[7,1],"tags":[],"class_list":["post-27091","post","type-post","status-publish","format-standard","has-post-thumbnail","hentry","category-ecuador","category-inicio"],"_links":{"self":[{"href":"https:\/\/www.lodelmomentoloja.com\/index.php?rest_route=\/wp\/v2\/posts\/27091"}],"collection":[{"href":"https:\/\/www.lodelmomentoloja.com\/index.php?rest_route=\/wp\/v2\/posts"}],"about":[{"href":"https:\/\/www.lodelmomentoloja.com\/index.php?rest_route=\/wp\/v2\/types\/post"}],"author":[{"embeddable":true,"href":"https:\/\/www.lodelmomentoloja.com\/index.php?rest_route=\/wp\/v2\/users\/1"}],"replies":[{"embeddable":true,"href":"https:\/\/www.lodelmomentoloja.com\/index.php?rest_route=%2Fwp%2Fv2%2Fcomments&post=27091"}],"version-history":[{"count":1,"href":"https:\/\/www.lodelmomentoloja.com\/index.php?rest_route=\/wp\/v2\/posts\/27091\/revisions"}],"predecessor-version":[{"id":27093,"href":"https:\/\/www.lodelmomentoloja.com\/index.php?rest_route=\/wp\/v2\/posts\/27091\/revisions\/27093"}],"wp:featuredmedia":[{"embeddable":true,"href":"https:\/\/www.lodelmomentoloja.com\/index.php?rest_route=\/wp\/v2\/media\/27092"}],"wp:attachment":[{"href":"https:\/\/www.lodelmomentoloja.com\/index.php?rest_route=%2Fwp%2Fv2%2Fmedia&parent=27091"}],"wp:term":[{"taxonomy":"category","embeddable":true,"href":"https:\/\/www.lodelmomentoloja.com\/index.php?rest_route=%2Fwp%2Fv2%2Fcategories&post=27091"},{"taxonomy":"post_tag","embeddable":true,"href":"https:\/\/www.lodelmomentoloja.com\/index.php?rest_route=%2Fwp%2Fv2%2Ftags&post=27091"}],"curies":[{"name":"wp","href":"https:\/\/api.w.org\/{rel}","templated":true}]}}