{"id":27076,"date":"2025-07-29T16:15:37","date_gmt":"2025-07-29T16:15:37","guid":{"rendered":"https:\/\/www.lodelmomentoloja.com\/?p=27076"},"modified":"2025-07-29T21:17:12","modified_gmt":"2025-07-29T21:17:12","slug":"daniel-noboa-al-frente-de-su-propio-partido","status":"publish","type":"post","link":"https:\/\/www.lodelmomentoloja.com\/?p=27076","title":{"rendered":"DANIEL NOBOA AL FRENTE DE SU PROPIO PARTIDO"},"content":{"rendered":"<p>\ud83d\uddf3\ufe0f\ud83d\udfe3\ud83e\uddec \u00a1Noboa mismo! La convocatoria de elecci\u00f3n y designaci\u00f3n de las Directivas Nacionales, Provinciales y circunscripciones especiales del exterior del Movimiento ADN 7 se llevaron est\u00e1 jornada del 29 de julio 2025 que dej\u00f3 varias acciones pol\u00edticas dentro de esta agrupaci\u00f3n pol\u00edtica, la m\u00e1s destacada fue la designaci\u00f3n del mismo Presidente Daniel Noboa al frente de su propio partido, adem\u00e1s, de la ratificaci\u00f3n del Eco. Dennys Bravo en la Coordinaci\u00f3n Provincial de Loja.<\/p>\n<p>\ud83d\udfe3 Director Nacional: Daniel Noboa.<br \/>\n\ud83d\udfe3 Vicepresidenta: Mishell Mancheno.<br \/>\n\ud83d\udfe3 Coordinadora pol\u00edtica: Valentina Centeno.<br \/>\n\ud83d\udfe3 Coordinaci\u00f3n Loja: Dennys Bravo.<\/p>\n<p>\ud83c\udf10\u2705 S\u00edguenos en nuestra p\u00e1gina verificada: https:\/\/www.facebook.com\/lodelmomentolojaEC<\/p>\n<p>www.lodelmomentoloja.com<br \/>\n<a class=\"x1i10hfl xjbqb8w x1ejq31n x18oe1m7 x1sy0etr xstzfhl x972fbf x10w94by x1qhh985 x14e42zd x9f619 x1ypdohk xt0psk2 xe8uvvx xdj266r x14z9mp xat24cr x1lziwak xexx8yu xyri2b x18d9i69 x1c1uobl x16tdsg8 x1hl2dhg xggy1nq x1a2a7pz  _aa9_ _a6hd\" tabindex=\"0\" role=\"link\" href=\"https:\/\/www.instagram.com\/explore\/tags\/ldmnoticias\/\">#LDMnoticias<\/a>\u00a0<a class=\"x1i10hfl xjbqb8w x1ejq31n x18oe1m7 x1sy0etr xstzfhl x972fbf x10w94by x1qhh985 x14e42zd x9f619 x1ypdohk xt0psk2 xe8uvvx xdj266r x14z9mp xat24cr x1lziwak xexx8yu xyri2b x18d9i69 x1c1uobl x16tdsg8 x1hl2dhg xggy1nq x1a2a7pz  _aa9_ _a6hd\" tabindex=\"0\" role=\"link\" href=\"https:\/\/www.instagram.com\/explore\/tags\/lodelmomentolojaldm\/\">#lodelmomentolojaLDM<\/a><\/p>\n","protected":false},"excerpt":{"rendered":"<p>\ud83d\uddf3\ufe0f\ud83d\udfe3\ud83e\uddec \u00a1Noboa mismo! La convocatoria de elecci\u00f3n y designaci\u00f3n de las Directivas Nacionales, Provinciales y&#8230;<\/p>\n","protected":false},"author":1,"featured_media":27077,"comment_status":"open","ping_status":"open","sticky":false,"template":"","format":"standard","meta":{"footnotes":""},"categories":[7,1,4],"tags":[],"class_list":["post-27076","post","type-post","status-publish","format-standard","has-post-thumbnail","hentry","category-ecuador","category-inicio","category-internacional"],"_links":{"self":[{"href":"https:\/\/www.lodelmomentoloja.com\/index.php?rest_route=\/wp\/v2\/posts\/27076"}],"collection":[{"href":"https:\/\/www.lodelmomentoloja.com\/index.php?rest_route=\/wp\/v2\/posts"}],"about":[{"href":"https:\/\/www.lodelmomentoloja.com\/index.php?rest_route=\/wp\/v2\/types\/post"}],"author":[{"embeddable":true,"href":"https:\/\/www.lodelmomentoloja.com\/index.php?rest_route=\/wp\/v2\/users\/1"}],"replies":[{"embeddable":true,"href":"https:\/\/www.lodelmomentoloja.com\/index.php?rest_route=%2Fwp%2Fv2%2Fcomments&post=27076"}],"version-history":[{"count":1,"href":"https:\/\/www.lodelmomentoloja.com\/index.php?rest_route=\/wp\/v2\/posts\/27076\/revisions"}],"predecessor-version":[{"id":27078,"href":"https:\/\/www.lodelmomentoloja.com\/index.php?rest_route=\/wp\/v2\/posts\/27076\/revisions\/27078"}],"wp:featuredmedia":[{"embeddable":true,"href":"https:\/\/www.lodelmomentoloja.com\/index.php?rest_route=\/wp\/v2\/media\/27077"}],"wp:attachment":[{"href":"https:\/\/www.lodelmomentoloja.com\/index.php?rest_route=%2Fwp%2Fv2%2Fmedia&parent=27076"}],"wp:term":[{"taxonomy":"category","embeddable":true,"href":"https:\/\/www.lodelmomentoloja.com\/index.php?rest_route=%2Fwp%2Fv2%2Fcategories&post=27076"},{"taxonomy":"post_tag","embeddable":true,"href":"https:\/\/www.lodelmomentoloja.com\/index.php?rest_route=%2Fwp%2Fv2%2Ftags&post=27076"}],"curies":[{"name":"wp","href":"https:\/\/api.w.org\/{rel}","templated":true}]}}