{"id":27053,"date":"2025-07-28T12:19:02","date_gmt":"2025-07-28T12:19:02","guid":{"rendered":"https:\/\/www.lodelmomentoloja.com\/?p=27053"},"modified":"2025-07-28T17:22:29","modified_gmt":"2025-07-28T17:22:29","slug":"caso-apagon-investiga-presunto-peculado-en-contratos-de-generacion-electrica","status":"publish","type":"post","link":"https:\/\/www.lodelmomentoloja.com\/?p=27053","title":{"rendered":"Caso Apag\u00f3n investiga presunto peculado en contratos de generaci\u00f3n el\u00e9ctrica"},"content":{"rendered":"<p><img loading=\"lazy\" decoding=\"async\" class=\"size-medium wp-image-27054 aligncenter\" src=\"http:\/\/www.lodelmomentoloja.com\/wp-content\/uploads\/2025\/07\/WhatsApp-Image-2025-07-28-at-11.42.20-AM-300x169.jpeg\" alt=\"\" width=\"300\" height=\"169\" srcset=\"https:\/\/www.lodelmomentoloja.com\/wp-content\/uploads\/2025\/07\/WhatsApp-Image-2025-07-28-at-11.42.20-AM-300x169.jpeg 300w, https:\/\/www.lodelmomentoloja.com\/wp-content\/uploads\/2025\/07\/WhatsApp-Image-2025-07-28-at-11.42.20-AM-1024x576.jpeg 1024w, https:\/\/www.lodelmomentoloja.com\/wp-content\/uploads\/2025\/07\/WhatsApp-Image-2025-07-28-at-11.42.20-AM-768x432.jpeg 768w, https:\/\/www.lodelmomentoloja.com\/wp-content\/uploads\/2025\/07\/WhatsApp-Image-2025-07-28-at-11.42.20-AM-640x360.jpeg 640w, https:\/\/www.lodelmomentoloja.com\/wp-content\/uploads\/2025\/07\/WhatsApp-Image-2025-07-28-at-11.42.20-AM-1536x864.jpeg 1536w, https:\/\/www.lodelmomentoloja.com\/wp-content\/uploads\/2025\/07\/WhatsApp-Image-2025-07-28-at-11.42.20-AM.jpeg 1600w\" sizes=\"(max-width: 300px) 100vw, 300px\" \/><\/p>\n<p>\ud83d\udea8\u270d\ud83c\udffb\ud83d\udde3\ufe0f \u00a1Caso Apag\u00f3n! M\u00faltiples allanamientos en tres provincias se llevaron a cabo la madrugada de este lunes 28 de julio de 2025 en el marco del caso Apag\u00f3n que investiga el presunto d3l1to de peculado en contratos de generaci\u00f3n el\u00e9ctrica.<\/p>\n<div style=\"width: 640px;\" class=\"wp-video\"><!--[if lt IE 9]><script>document.createElement('video');<\/script><![endif]-->\n<video class=\"wp-video-shortcode\" id=\"video-27053-1\" width=\"640\" height=\"360\" preload=\"metadata\" controls=\"controls\"><source type=\"video\/mp4\" src=\"http:\/\/www.lodelmomentoloja.com\/wp-content\/uploads\/2025\/07\/CASO-APAG_N-REDUCIDO.mp4?_=1\" \/><a href=\"http:\/\/www.lodelmomentoloja.com\/wp-content\/uploads\/2025\/07\/CASO-APAG_N-REDUCIDO.mp4\">http:\/\/www.lodelmomentoloja.com\/wp-content\/uploads\/2025\/07\/CASO-APAG_N-REDUCIDO.mp4<\/a><\/video><\/div>\n<p>La Fiscal\u00eda General del Estado y la Polic\u00eda Nacional intervinieron 12 inmuebles entre domicilios y oficinas en las provincias de Pichincha, Guayas y Bol\u00edvar. Durante los allanamientos, los agentes recabaron varios indicios, entre ellos, computadoras, documentos, celulares y dispositivos de almacenamiento, entre otros.<\/p>\n<p>El pasado 23 de julio, el ministro de Transporte y Obras P\u00fablicas, Roberto Luque, inform\u00f3 a trav\u00e9s de su cuenta de X que la Fiscal\u00eda abri\u00f3 una investigaci\u00f3n previa relacionada con los procesos de contrataci\u00f3n de Corporaci\u00f3n El\u00e9ctrica del Ecuador (CELEC &#8211; EP) realizados durante la crisis energ\u00e9tica.<\/p>\n<p>Luque quien, en aquel entonces fue designado como delegado presidencial ante los directorios de CELEC y CNEL dijo que dar\u00e1 su versi\u00f3n de los hechos para esclarecer su corta gesti\u00f3n.<\/p>\n<p>\u201cCerrarle la puerta a la c0rrvpc1\u00f3n es precisamente abrir puerta de esa transparencia. La FGE puede contar con mi total colaboraci\u00f3n durante este proceso\u201d, agreg\u00f3.<\/p>\n<p>El Caso Apag\u00f3n surge medio de los hallazgos anunciados por la Contralor\u00eda General del Estado, entidad que identific\u00f3 aparentes irregularidades con responsabilidad penal en los contratos firmados entre CELEC y las empresas Progen y Austral Technical Management (ATM) que oscilar\u00edan los USD 140 millones, para enfrentar los apagones de 2024.<\/p>\n<p>Aunque de momento, se desconocen todos los detalles del operativo, la Fiscal\u00eda aclar\u00f3 que las intervenciones tambi\u00e9n incluyen centrales termoel\u00e9ctricas en la ciudad de Quito.<\/p>\n<p>Noticia Completa \ud83d\udcf2 https:\/\/youtu.be\/ypsZmWOHSvM<\/p>\n<p>\ud83c\udf10\u2705 S\u00edguenos en nuestra p\u00e1gina verificada: https:\/\/www.facebook.com\/lodelmomentolojaEC<\/p>\n<p>www.lodelmomentoloja.com<br \/>\n#LDMnoticias #lodelmomentolojaLDM<\/p>\n","protected":false},"excerpt":{"rendered":"<p>\ud83d\udea8\u270d\ud83c\udffb\ud83d\udde3\ufe0f \u00a1Caso Apag\u00f3n! M\u00faltiples allanamientos en tres provincias se llevaron a cabo la madrugada de&#8230;<\/p>\n","protected":false},"author":1,"featured_media":0,"comment_status":"open","ping_status":"open","sticky":false,"template":"","format":"standard","meta":{"footnotes":""},"categories":[7,1],"tags":[],"class_list":["post-27053","post","type-post","status-publish","format-standard","hentry","category-ecuador","category-inicio"],"_links":{"self":[{"href":"https:\/\/www.lodelmomentoloja.com\/index.php?rest_route=\/wp\/v2\/posts\/27053"}],"collection":[{"href":"https:\/\/www.lodelmomentoloja.com\/index.php?rest_route=\/wp\/v2\/posts"}],"about":[{"href":"https:\/\/www.lodelmomentoloja.com\/index.php?rest_route=\/wp\/v2\/types\/post"}],"author":[{"embeddable":true,"href":"https:\/\/www.lodelmomentoloja.com\/index.php?rest_route=\/wp\/v2\/users\/1"}],"replies":[{"embeddable":true,"href":"https:\/\/www.lodelmomentoloja.com\/index.php?rest_route=%2Fwp%2Fv2%2Fcomments&post=27053"}],"version-history":[{"count":2,"href":"https:\/\/www.lodelmomentoloja.com\/index.php?rest_route=\/wp\/v2\/posts\/27053\/revisions"}],"predecessor-version":[{"id":27057,"href":"https:\/\/www.lodelmomentoloja.com\/index.php?rest_route=\/wp\/v2\/posts\/27053\/revisions\/27057"}],"wp:attachment":[{"href":"https:\/\/www.lodelmomentoloja.com\/index.php?rest_route=%2Fwp%2Fv2%2Fmedia&parent=27053"}],"wp:term":[{"taxonomy":"category","embeddable":true,"href":"https:\/\/www.lodelmomentoloja.com\/index.php?rest_route=%2Fwp%2Fv2%2Fcategories&post=27053"},{"taxonomy":"post_tag","embeddable":true,"href":"https:\/\/www.lodelmomentoloja.com\/index.php?rest_route=%2Fwp%2Fv2%2Ftags&post=27053"}],"curies":[{"name":"wp","href":"https:\/\/api.w.org\/{rel}","templated":true}]}}