{"id":27037,"date":"2025-07-25T12:21:41","date_gmt":"2025-07-25T12:21:41","guid":{"rendered":"https:\/\/www.lodelmomentoloja.com\/?p=27037"},"modified":"2025-07-25T17:24:01","modified_gmt":"2025-07-25T17:24:01","slug":"diana-guayanay-toma-oficialmente-las-riendas-del-municipio-de-loja","status":"publish","type":"post","link":"https:\/\/www.lodelmomentoloja.com\/?p=27037","title":{"rendered":"Diana Guayanay toma oficialmente las riendas del Municipio de Loja"},"content":{"rendered":"<p style=\"text-align: left;\"><img loading=\"lazy\" decoding=\"async\" class=\" wp-image-27038 aligncenter\" src=\"http:\/\/www.lodelmomentoloja.com\/wp-content\/uploads\/2025\/07\/WhatsApp-Image-2025-07-25-at-11.56.50-AM-300x169.jpeg\" alt=\"\" width=\"583\" height=\"328\" srcset=\"https:\/\/www.lodelmomentoloja.com\/wp-content\/uploads\/2025\/07\/WhatsApp-Image-2025-07-25-at-11.56.50-AM-300x169.jpeg 300w, https:\/\/www.lodelmomentoloja.com\/wp-content\/uploads\/2025\/07\/WhatsApp-Image-2025-07-25-at-11.56.50-AM-1024x576.jpeg 1024w, https:\/\/www.lodelmomentoloja.com\/wp-content\/uploads\/2025\/07\/WhatsApp-Image-2025-07-25-at-11.56.50-AM-768x432.jpeg 768w, https:\/\/www.lodelmomentoloja.com\/wp-content\/uploads\/2025\/07\/WhatsApp-Image-2025-07-25-at-11.56.50-AM-640x360.jpeg 640w, https:\/\/www.lodelmomentoloja.com\/wp-content\/uploads\/2025\/07\/WhatsApp-Image-2025-07-25-at-11.56.50-AM-1536x864.jpeg 1536w, https:\/\/www.lodelmomentoloja.com\/wp-content\/uploads\/2025\/07\/WhatsApp-Image-2025-07-25-at-11.56.50-AM.jpeg 1600w\" sizes=\"(max-width: 583px) 100vw, 583px\" \/><\/p>\n<p>Diana Guayanay asumi\u00f3 la Alcald\u00eda del cant\u00f3n Loja, en horas de la ma\u00f1ana de este viernes 25 de julio, arrib\u00f3 a las instalaciones del GAD Municipal para ocupar su nuevo despacho. A su llegada, fue recibida por servidores municipales quienes la acompa\u00f1aron hasta el sill\u00f3n de Mercadillo.<\/p>\n<p>Una vez instalada en su despacho, recibi\u00f3 a los medios de comunicaci\u00f3n para dialogar sobre su plan de trabajo durante su mandato, entre ellos, atenci\u00f3n prioritaria los puntos emergentes que afectan a la ciudadan\u00eda.<\/p>\n<p>La alcaldesa de Loja, no solo ratific\u00f3 su apertura con la prensa, sino que, adem\u00e1s, dijo que continuar\u00e1 con la realizaci\u00f3n de los proyectos realizados por la administraci\u00f3n saliente.<\/p>\n<p>Y no descart\u00f3 un proceso de auditor\u00eda a la gesti\u00f3n del exalcalde Franco Quezada con el objetivo de conocer las condiciones en las que asume el GAD Municipal.<\/p>\n<p>Con la firma para desempe\u00f1ar sus funciones como alcaldesa de Loja, Diana Guayanay asumir\u00e1 el cargo desde el 25 de julio de 2025 hasta el a\u00f1o 2027 para culminar el periodo de Franco Quezada; se prev\u00e9 que el d\u00eda lunes 28 de julio se lleve a cabo el acto simb\u00f3lico de posesi\u00f3n. Adem\u00e1s, que, durante su primera sesi\u00f3n de Cabildo como burgomaestre de Loja, el Consejo Municipal elegir\u00e1 al nuevo vicealcalde del cant\u00f3n, as\u00ed como la principalizaci\u00f3n del concejal alterno Jorge Pati\u00f1o Jad\u00e1n.<\/p>\n<p>Noticia Completa \ud83d\udcf2\u00a0<a href=\"https:\/\/youtu.be\/KXNYgFBGH-s\">https:\/\/youtu.be\/KXNYgFBGH-s<\/a><\/p>\n<p>\ud83c\udf10\u2705 S\u00edguenos en nuestra p\u00e1gina verificada: https:\/\/www.facebook.com\/lodelmomentolojaEC<\/p>\n<p>www.lodelmomentoloja.com<br \/>\n#LDMnoticias #lodelmomentolojaLDM<\/p>\n","protected":false},"excerpt":{"rendered":"<p>Diana Guayanay asumi\u00f3 la Alcald\u00eda del cant\u00f3n Loja, en horas de la ma\u00f1ana de este&#8230;<\/p>\n","protected":false},"author":1,"featured_media":0,"comment_status":"open","ping_status":"open","sticky":false,"template":"","format":"standard","meta":{"footnotes":""},"categories":[7,1,5],"tags":[],"class_list":["post-27037","post","type-post","status-publish","format-standard","hentry","category-ecuador","category-inicio","category-loja"],"_links":{"self":[{"href":"https:\/\/www.lodelmomentoloja.com\/index.php?rest_route=\/wp\/v2\/posts\/27037"}],"collection":[{"href":"https:\/\/www.lodelmomentoloja.com\/index.php?rest_route=\/wp\/v2\/posts"}],"about":[{"href":"https:\/\/www.lodelmomentoloja.com\/index.php?rest_route=\/wp\/v2\/types\/post"}],"author":[{"embeddable":true,"href":"https:\/\/www.lodelmomentoloja.com\/index.php?rest_route=\/wp\/v2\/users\/1"}],"replies":[{"embeddable":true,"href":"https:\/\/www.lodelmomentoloja.com\/index.php?rest_route=%2Fwp%2Fv2%2Fcomments&post=27037"}],"version-history":[{"count":1,"href":"https:\/\/www.lodelmomentoloja.com\/index.php?rest_route=\/wp\/v2\/posts\/27037\/revisions"}],"predecessor-version":[{"id":27039,"href":"https:\/\/www.lodelmomentoloja.com\/index.php?rest_route=\/wp\/v2\/posts\/27037\/revisions\/27039"}],"wp:attachment":[{"href":"https:\/\/www.lodelmomentoloja.com\/index.php?rest_route=%2Fwp%2Fv2%2Fmedia&parent=27037"}],"wp:term":[{"taxonomy":"category","embeddable":true,"href":"https:\/\/www.lodelmomentoloja.com\/index.php?rest_route=%2Fwp%2Fv2%2Fcategories&post=27037"},{"taxonomy":"post_tag","embeddable":true,"href":"https:\/\/www.lodelmomentoloja.com\/index.php?rest_route=%2Fwp%2Fv2%2Ftags&post=27037"}],"curies":[{"name":"wp","href":"https:\/\/api.w.org\/{rel}","templated":true}]}}