{"id":27020,"date":"2025-07-24T13:44:45","date_gmt":"2025-07-24T13:44:45","guid":{"rendered":"https:\/\/www.lodelmomentoloja.com\/?p=27020"},"modified":"2025-07-24T18:48:37","modified_gmt":"2025-07-24T18:48:37","slug":"xavier-jordan-acusa-a-ferdinan-alvarez-y-daniel-salcedo-de-operar-en-hospitales","status":"publish","type":"post","link":"https:\/\/www.lodelmomentoloja.com\/?p=27020","title":{"rendered":"Xavier Jord\u00e1n acusa a Ferdinan \u00c1lvarez y Daniel Salcedo de operar en hospitales"},"content":{"rendered":"<p><img loading=\"lazy\" decoding=\"async\" class=\" wp-image-27021 aligncenter\" src=\"http:\/\/www.lodelmomentoloja.com\/wp-content\/uploads\/2025\/07\/NOTA-1-1-300x169.jpg\" alt=\"\" width=\"488\" height=\"275\" srcset=\"https:\/\/www.lodelmomentoloja.com\/wp-content\/uploads\/2025\/07\/NOTA-1-1-300x169.jpg 300w, https:\/\/www.lodelmomentoloja.com\/wp-content\/uploads\/2025\/07\/NOTA-1-1-1024x576.jpg 1024w, https:\/\/www.lodelmomentoloja.com\/wp-content\/uploads\/2025\/07\/NOTA-1-1-768x432.jpg 768w, https:\/\/www.lodelmomentoloja.com\/wp-content\/uploads\/2025\/07\/NOTA-1-1-640x360.jpg 640w, https:\/\/www.lodelmomentoloja.com\/wp-content\/uploads\/2025\/07\/NOTA-1-1-1536x864.jpg 1536w, https:\/\/www.lodelmomentoloja.com\/wp-content\/uploads\/2025\/07\/NOTA-1-1.jpg 1920w\" sizes=\"(max-width: 488px) 100vw, 488px\" \/><\/p>\n<p>Xavier Jord\u00e1n dijo que el hospital Teodoro Carbo Maldonado ubicado de Guayaquil fue entregado al asamble\u00edsta Ferdinan \u00c1lvarez, presidente de la Comisi\u00f3n de Fiscalizaci\u00f3n de la Asamblea Nacional.<\/p>\n<p>A trav\u00e9s de un video difundido en sus redes sociales la noche del 23 de julio, Jord\u00e1n cuestion\u00f3 al respaldo de la bancada de ADN que a trav\u00e9s de un comunicado emitido el mismo d\u00eda, rechaz\u00f3 los \u201c4t4qu3s de sectores pol\u00edticos con organizaciones cr1m1n4l3s\u201d reafirmando su apoyo al legislador en el proceso de fiscalizaci\u00f3n del sistema de salud p\u00fablica.<\/p>\n<p>Adem\u00e1s, indic\u00f3 que el legislador se habr\u00eda valido de procesos jur\u00eddicos contra su ex pareja sentimental para obtener la patria potestad de su hija.<\/p>\n<p>Referente al sistema hospitalario, el procesado en el caso Met\u00e1stasis dijo que, la casa de salud de Guayaquil fue entregado al legislador y que estar\u00eda siendo operado por la red de Daniel Salcedo, quien d\u00edas atr\u00e1s compareci\u00f3 ante la Comisi\u00f3n de Fiscalizaci\u00f3n.<\/p>\n<p>Pero esta no es la primera ocasi\u00f3n en Xavier Jord\u00e1n arremete en contra de \u00c1lvarez, luego de que presidente de la Comisi\u00f3n le negara su comparecencia telem\u00e1tica el pasado 21 de julio, tras las declaraciones de Daniel Salcedo quien hab\u00eda asegurado revelar la presunta c0rrvpc1\u00f3n en el sistema hospitalario despu\u00e9s que \u00e9l y su hermano fueran v\u00edctimas de intento de 3s3s1n4t0.<\/p>\n<p>\u00c1lvarez argument\u00f3 que no existe justificaci\u00f3n v\u00e1lida para permitir una comparecencia virtual a una persona pr\u00f3fuga de la justicia, especialmente cuando otros comparecientes, como Daniel Salcedo, lo hicieron de forma presencial.<\/p>\n<p>El asamble\u00edsta sostuvo que las acusaciones de Jord\u00e1n forman parte de una campa\u00f1a de calumnias que busca deslegitimar el proceso de fiscalizaci\u00f3n sobre el caso.<\/p>\n<p>Mientras que, en un comunicado, Jord\u00e1n denunci\u00f3 una persecuci\u00f3n pol\u00edtica en su contra y exigi\u00f3 garant\u00edas para su participaci\u00f3n. Asegur\u00f3 que las recientes acusaciones de Daniel Salcedo buscan desviar la atenci\u00f3n de hechos m\u00e1s graves y pidi\u00f3 que su nombre y el de su familia dejen de ser usados como herramientas de distracci\u00f3n.<\/p>\n<p>VIDEO COMPLETO EN YOUTUBE:\u00a0<a href=\"https:\/\/www.youtube.com\/watch?v=r5QHcwh8sms\">https:\/\/www.youtube.com\/watch?v=r5QHcwh8sms<\/a><\/p>\n<p>\ud83c\udf10\u2705 S\u00edguenos en nuestra p\u00e1gina verificada: https:\/\/www.facebook.com\/lodelmomentolojaEC<\/p>\n<p>www.lodelmomentoloja.com<br \/>\n#LDMnoticias #lodelmomentolojaLDM<\/p>\n","protected":false},"excerpt":{"rendered":"<p>Xavier Jord\u00e1n dijo que el hospital Teodoro Carbo Maldonado ubicado de Guayaquil fue entregado al&#8230;<\/p>\n","protected":false},"author":1,"featured_media":0,"comment_status":"open","ping_status":"open","sticky":false,"template":"","format":"standard","meta":{"footnotes":""},"categories":[7,1],"tags":[],"class_list":["post-27020","post","type-post","status-publish","format-standard","hentry","category-ecuador","category-inicio"],"_links":{"self":[{"href":"https:\/\/www.lodelmomentoloja.com\/index.php?rest_route=\/wp\/v2\/posts\/27020"}],"collection":[{"href":"https:\/\/www.lodelmomentoloja.com\/index.php?rest_route=\/wp\/v2\/posts"}],"about":[{"href":"https:\/\/www.lodelmomentoloja.com\/index.php?rest_route=\/wp\/v2\/types\/post"}],"author":[{"embeddable":true,"href":"https:\/\/www.lodelmomentoloja.com\/index.php?rest_route=\/wp\/v2\/users\/1"}],"replies":[{"embeddable":true,"href":"https:\/\/www.lodelmomentoloja.com\/index.php?rest_route=%2Fwp%2Fv2%2Fcomments&post=27020"}],"version-history":[{"count":3,"href":"https:\/\/www.lodelmomentoloja.com\/index.php?rest_route=\/wp\/v2\/posts\/27020\/revisions"}],"predecessor-version":[{"id":27024,"href":"https:\/\/www.lodelmomentoloja.com\/index.php?rest_route=\/wp\/v2\/posts\/27020\/revisions\/27024"}],"wp:attachment":[{"href":"https:\/\/www.lodelmomentoloja.com\/index.php?rest_route=%2Fwp%2Fv2%2Fmedia&parent=27020"}],"wp:term":[{"taxonomy":"category","embeddable":true,"href":"https:\/\/www.lodelmomentoloja.com\/index.php?rest_route=%2Fwp%2Fv2%2Fcategories&post=27020"},{"taxonomy":"post_tag","embeddable":true,"href":"https:\/\/www.lodelmomentoloja.com\/index.php?rest_route=%2Fwp%2Fv2%2Ftags&post=27020"}],"curies":[{"name":"wp","href":"https:\/\/api.w.org\/{rel}","templated":true}]}}