{"id":27014,"date":"2025-07-24T12:42:04","date_gmt":"2025-07-24T12:42:04","guid":{"rendered":"https:\/\/www.lodelmomentoloja.com\/?p=27014"},"modified":"2025-07-24T18:43:16","modified_gmt":"2025-07-24T18:43:16","slug":"arbitro-lojano-desgnado-en-la-terna-de-representantes-ecuatorianos-en-la-copa-del-mundo-sub-20","status":"publish","type":"post","link":"https:\/\/www.lodelmomentoloja.com\/?p=27014","title":{"rendered":"\u00c1RBITRO LOJANO DESGNADO EN LA TERNA DE REPRESENTANTES ECUATORIANOS EN LA COPA DEL MUNDO SUB 20"},"content":{"rendered":"<p>\ud83c\uddea\ud83c\udde8\u26bd\ud83d\udc4f\ud83c\udffb\u00a1Orgullo lojano! La Federaci\u00f3n Internacional de Asociaciones de F\u00fatbol (FIFA), design\u00f3 una terna de \u00e1rbitros ecuatorianos para la Copa Mundial Sub 20 Chile 2025, que se jugar\u00e1 del 27 de septiembre al 19 de octubre en el vecino pa\u00eds sudamericano. En donde el lojano Danny \u00c1vila ha sido delegado como \u00e1rbitro asistente junto a Edison V\u00e1squez y el \u00e1rbitro central Augusto Arag\u00f3n. Los tres delegados tricolores forman parte del grupo de \u00e1rbitros que impartir\u00e1n justicia en los diferentes encuentros deportivos.<\/p>\n<p>\ud83c\udf10\u2705 S\u00edguenos en nuestra p\u00e1gina verificada: https:\/\/www.facebook.com\/lodelmomentolojaEC<\/p>\n<p>www.lodelmomentoloja.com<br \/>\n<a class=\"x1i10hfl xjbqb8w x1ejq31n x18oe1m7 x1sy0etr xstzfhl x972fbf x10w94by x1qhh985 x14e42zd x9f619 x1ypdohk xt0psk2 xe8uvvx xdj266r x14z9mp xat24cr x1lziwak xexx8yu xyri2b x18d9i69 x1c1uobl x16tdsg8 x1hl2dhg xggy1nq x1a2a7pz  _aa9_ _a6hd\" tabindex=\"0\" role=\"link\" href=\"https:\/\/www.instagram.com\/explore\/tags\/ldmnoticias\/\">#LDMnoticias<\/a>\u00a0<a class=\"x1i10hfl xjbqb8w x1ejq31n x18oe1m7 x1sy0etr xstzfhl x972fbf x10w94by x1qhh985 x14e42zd x9f619 x1ypdohk xt0psk2 xe8uvvx xdj266r x14z9mp xat24cr x1lziwak xexx8yu xyri2b x18d9i69 x1c1uobl x16tdsg8 x1hl2dhg xggy1nq x1a2a7pz  _aa9_ _a6hd\" tabindex=\"0\" role=\"link\" href=\"https:\/\/www.instagram.com\/explore\/tags\/lodelmomentolojaldm\/\">#lodelmomentolojaLDM<\/a><\/p>\n","protected":false},"excerpt":{"rendered":"<p>\ud83c\uddea\ud83c\udde8\u26bd\ud83d\udc4f\ud83c\udffb\u00a1Orgullo lojano! La Federaci\u00f3n Internacional de Asociaciones de F\u00fatbol (FIFA), design\u00f3 una terna de \u00e1rbitros&#8230;<\/p>\n","protected":false},"author":1,"featured_media":27015,"comment_status":"open","ping_status":"open","sticky":false,"template":"","format":"standard","meta":{"footnotes":""},"categories":[7,1,5],"tags":[],"class_list":["post-27014","post","type-post","status-publish","format-standard","has-post-thumbnail","hentry","category-ecuador","category-inicio","category-loja"],"_links":{"self":[{"href":"https:\/\/www.lodelmomentoloja.com\/index.php?rest_route=\/wp\/v2\/posts\/27014"}],"collection":[{"href":"https:\/\/www.lodelmomentoloja.com\/index.php?rest_route=\/wp\/v2\/posts"}],"about":[{"href":"https:\/\/www.lodelmomentoloja.com\/index.php?rest_route=\/wp\/v2\/types\/post"}],"author":[{"embeddable":true,"href":"https:\/\/www.lodelmomentoloja.com\/index.php?rest_route=\/wp\/v2\/users\/1"}],"replies":[{"embeddable":true,"href":"https:\/\/www.lodelmomentoloja.com\/index.php?rest_route=%2Fwp%2Fv2%2Fcomments&post=27014"}],"version-history":[{"count":1,"href":"https:\/\/www.lodelmomentoloja.com\/index.php?rest_route=\/wp\/v2\/posts\/27014\/revisions"}],"predecessor-version":[{"id":27016,"href":"https:\/\/www.lodelmomentoloja.com\/index.php?rest_route=\/wp\/v2\/posts\/27014\/revisions\/27016"}],"wp:featuredmedia":[{"embeddable":true,"href":"https:\/\/www.lodelmomentoloja.com\/index.php?rest_route=\/wp\/v2\/media\/27015"}],"wp:attachment":[{"href":"https:\/\/www.lodelmomentoloja.com\/index.php?rest_route=%2Fwp%2Fv2%2Fmedia&parent=27014"}],"wp:term":[{"taxonomy":"category","embeddable":true,"href":"https:\/\/www.lodelmomentoloja.com\/index.php?rest_route=%2Fwp%2Fv2%2Fcategories&post=27014"},{"taxonomy":"post_tag","embeddable":true,"href":"https:\/\/www.lodelmomentoloja.com\/index.php?rest_route=%2Fwp%2Fv2%2Ftags&post=27014"}],"curies":[{"name":"wp","href":"https:\/\/api.w.org\/{rel}","templated":true}]}}