{"id":26999,"date":"2025-07-22T08:07:46","date_gmt":"2025-07-22T08:07:46","guid":{"rendered":"https:\/\/www.lodelmomentoloja.com\/?p=26999"},"modified":"2025-07-24T13:52:29","modified_gmt":"2025-07-24T13:52:29","slug":"196-feria-de-loja-contara-con-varios-eventos-concesionados-a-la-inversion-privada","status":"publish","type":"post","link":"https:\/\/www.lodelmomentoloja.com\/?p=26999","title":{"rendered":"196 FERIA DE LOJA CONTAR\u00c1 CON VARIOS EVENTOS CONCESIONADOS A LA INVERSI\u00d3N PRIVADA"},"content":{"rendered":"<p>\ud83c\udfdf\ufe0f\ud83c\udf99\ufe0f\ud83c\udfa1\u00a1Alistan cartelera! Este 01 de Agosto, la Feria de Loja en su edici\u00f3n N\u00b0 196, que se realizar\u00e1 desde el 28 de agosto, hasta el 14 de septiembre, presentar\u00e1 de manera oficial su cartelera, en donde estar\u00e1n presentes artistas de talla internacional, nacional y a nivel local.<\/p>\n<p>\ud83d\udfe0 AGO: Grupo 5.<br \/>\n\ud83d\udfe0 AGO: Hebert Vargas.<br \/>\n\ud83d\udfe0 SEP: Grupo Gale.<br \/>\n\ud83d\udfe0 SEP: Byron Caicedo y Maria de los Angeles.<br \/>\n\ud83d\udfe0 SEP: Los B\u00fafalos<br \/>\n\ud83d\udfe0 SEP: Jombriel.<br \/>\n\ud83d\udfe0 SEP: Francy.<\/p>\n<p>Adem\u00e1s de manera extraoficial se conoce que existir\u00e1n dos tipos de entradas, una para juegos y emprendimientos y otra para conciertos.<\/p>\n<p>\ud83c\udf10\u2705 S\u00edguenos en nuestra p\u00e1gina verificada: https:\/\/www.facebook.com\/lodelmomentolojaEC<\/p>\n<p>www.lodelmomentoloja.com<br \/>\n<a class=\"x1i10hfl xjbqb8w x1ejq31n x18oe1m7 x1sy0etr xstzfhl x972fbf x10w94by x1qhh985 x14e42zd x9f619 x1ypdohk xt0psk2 xe8uvvx xdj266r x14z9mp xat24cr x1lziwak xexx8yu xyri2b x18d9i69 x1c1uobl x16tdsg8 x1hl2dhg xggy1nq x1a2a7pz _aa9_ _a6hd\" tabindex=\"0\" role=\"link\" href=\"https:\/\/www.instagram.com\/explore\/tags\/ldmnoticias\/\">#LDMnoticias<\/a>\u00a0<a class=\"x1i10hfl xjbqb8w x1ejq31n x18oe1m7 x1sy0etr xstzfhl x972fbf x10w94by x1qhh985 x14e42zd x9f619 x1ypdohk xt0psk2 xe8uvvx xdj266r x14z9mp xat24cr x1lziwak xexx8yu xyri2b x18d9i69 x1c1uobl x16tdsg8 x1hl2dhg xggy1nq x1a2a7pz _aa9_ _a6hd\" tabindex=\"0\" role=\"link\" href=\"https:\/\/www.instagram.com\/explore\/tags\/lodelmomentolojaldm\/\">#lodelmomentolojaLDM<\/a><\/p>\n","protected":false},"excerpt":{"rendered":"<p>\ud83c\udfdf\ufe0f\ud83c\udf99\ufe0f\ud83c\udfa1\u00a1Alistan cartelera! Este 01 de Agosto, la Feria de Loja en su edici\u00f3n N\u00b0 196,&#8230;<\/p>\n","protected":false},"author":1,"featured_media":27001,"comment_status":"open","ping_status":"open","sticky":false,"template":"","format":"standard","meta":{"footnotes":""},"categories":[7,1,4,5,6],"tags":[],"class_list":["post-26999","post","type-post","status-publish","format-standard","has-post-thumbnail","hentry","category-ecuador","category-inicio","category-internacional","category-loja","category-zamora"],"_links":{"self":[{"href":"https:\/\/www.lodelmomentoloja.com\/index.php?rest_route=\/wp\/v2\/posts\/26999"}],"collection":[{"href":"https:\/\/www.lodelmomentoloja.com\/index.php?rest_route=\/wp\/v2\/posts"}],"about":[{"href":"https:\/\/www.lodelmomentoloja.com\/index.php?rest_route=\/wp\/v2\/types\/post"}],"author":[{"embeddable":true,"href":"https:\/\/www.lodelmomentoloja.com\/index.php?rest_route=\/wp\/v2\/users\/1"}],"replies":[{"embeddable":true,"href":"https:\/\/www.lodelmomentoloja.com\/index.php?rest_route=%2Fwp%2Fv2%2Fcomments&post=26999"}],"version-history":[{"count":1,"href":"https:\/\/www.lodelmomentoloja.com\/index.php?rest_route=\/wp\/v2\/posts\/26999\/revisions"}],"predecessor-version":[{"id":27000,"href":"https:\/\/www.lodelmomentoloja.com\/index.php?rest_route=\/wp\/v2\/posts\/26999\/revisions\/27000"}],"wp:featuredmedia":[{"embeddable":true,"href":"https:\/\/www.lodelmomentoloja.com\/index.php?rest_route=\/wp\/v2\/media\/27001"}],"wp:attachment":[{"href":"https:\/\/www.lodelmomentoloja.com\/index.php?rest_route=%2Fwp%2Fv2%2Fmedia&parent=26999"}],"wp:term":[{"taxonomy":"category","embeddable":true,"href":"https:\/\/www.lodelmomentoloja.com\/index.php?rest_route=%2Fwp%2Fv2%2Fcategories&post=26999"},{"taxonomy":"post_tag","embeddable":true,"href":"https:\/\/www.lodelmomentoloja.com\/index.php?rest_route=%2Fwp%2Fv2%2Ftags&post=26999"}],"curies":[{"name":"wp","href":"https:\/\/api.w.org\/{rel}","templated":true}]}}