{"id":26990,"date":"2025-07-22T08:33:20","date_gmt":"2025-07-22T08:33:20","guid":{"rendered":"https:\/\/www.lodelmomentoloja.com\/?p=26990"},"modified":"2025-07-22T15:39:46","modified_gmt":"2025-07-22T15:39:46","slug":"nino-moi-condecorado-por-la-asamblea-nacional","status":"publish","type":"post","link":"https:\/\/www.lodelmomentoloja.com\/?p=26990","title":{"rendered":"NI\u00d1O MOI CONDECORADO POR LA ASAMBLEA NACIONAL"},"content":{"rendered":"<p>\ud83c\udfc5\ud83d\udc4f\ud83c\udffb\u26bd\u00a1Agradecido con Dios! En un acto solemne, la Asamblea Nacional le otorg\u00f3 al futbolista ecuatoriano Mois\u00e9s Caicedo la condecoraci\u00f3n Vicente Rocafuerte al M\u00e9rito Deportivo. Dicho reconocimiento, aprobado por unanimidad con 138 votos, destaca la brillante campa\u00f1a del mediocampista en el Chelsea de Inglaterra, club con el que se consagr\u00f3 campe\u00f3n del Mundial de Clubes de la FIFA (13 de julio) y de la UEFA Conference League (28 de mayo).<\/p>\n<p>\u201cAgradecerle a Dios, para m\u00ed es un honor, un placer, muy agradecido por el recibimiento y el cari\u00f1o. Me esfuerzo cada d\u00eda por eso, por dejar a mi pa\u00eds en lo m\u00e1s alto\u201d, expres\u00f3 Ni\u00f1o Moi.<\/p>\n<p>\ud83c\udf10\u2705 S\u00edguenos en nuestra p\u00e1gina verificada: https:\/\/www.facebook.com\/lodelmomentolojaEC<\/p>\n<p>www.lodelmomentoloja.com<br \/>\n<a class=\"x1i10hfl xjbqb8w x1ejq31n x18oe1m7 x1sy0etr xstzfhl x972fbf x10w94by x1qhh985 x14e42zd x9f619 x1ypdohk xt0psk2 xe8uvvx xdj266r x14z9mp xat24cr x1lziwak xexx8yu xyri2b x18d9i69 x1c1uobl x16tdsg8 x1hl2dhg xggy1nq x1a2a7pz  _aa9_ _a6hd\" tabindex=\"0\" role=\"link\" href=\"https:\/\/www.instagram.com\/explore\/tags\/ldmnoticias\/\">#LDMnoticias<\/a>\u00a0<a class=\"x1i10hfl xjbqb8w x1ejq31n x18oe1m7 x1sy0etr xstzfhl x972fbf x10w94by x1qhh985 x14e42zd x9f619 x1ypdohk xt0psk2 xe8uvvx xdj266r x14z9mp xat24cr x1lziwak xexx8yu xyri2b x18d9i69 x1c1uobl x16tdsg8 x1hl2dhg xggy1nq x1a2a7pz  _aa9_ _a6hd\" tabindex=\"0\" role=\"link\" href=\"https:\/\/www.instagram.com\/explore\/tags\/lodelmomentolojaldm\/\">#lodelmomentolojaLDM<\/a><\/p>\n","protected":false},"excerpt":{"rendered":"<p>\ud83c\udfc5\ud83d\udc4f\ud83c\udffb\u26bd\u00a1Agradecido con Dios! En un acto solemne, la Asamblea Nacional le otorg\u00f3 al futbolista ecuatoriano&#8230;<\/p>\n","protected":false},"author":1,"featured_media":26991,"comment_status":"open","ping_status":"open","sticky":false,"template":"","format":"standard","meta":{"footnotes":""},"categories":[7,1,4],"tags":[],"class_list":["post-26990","post","type-post","status-publish","format-standard","has-post-thumbnail","hentry","category-ecuador","category-inicio","category-internacional"],"_links":{"self":[{"href":"https:\/\/www.lodelmomentoloja.com\/index.php?rest_route=\/wp\/v2\/posts\/26990"}],"collection":[{"href":"https:\/\/www.lodelmomentoloja.com\/index.php?rest_route=\/wp\/v2\/posts"}],"about":[{"href":"https:\/\/www.lodelmomentoloja.com\/index.php?rest_route=\/wp\/v2\/types\/post"}],"author":[{"embeddable":true,"href":"https:\/\/www.lodelmomentoloja.com\/index.php?rest_route=\/wp\/v2\/users\/1"}],"replies":[{"embeddable":true,"href":"https:\/\/www.lodelmomentoloja.com\/index.php?rest_route=%2Fwp%2Fv2%2Fcomments&post=26990"}],"version-history":[{"count":1,"href":"https:\/\/www.lodelmomentoloja.com\/index.php?rest_route=\/wp\/v2\/posts\/26990\/revisions"}],"predecessor-version":[{"id":26992,"href":"https:\/\/www.lodelmomentoloja.com\/index.php?rest_route=\/wp\/v2\/posts\/26990\/revisions\/26992"}],"wp:featuredmedia":[{"embeddable":true,"href":"https:\/\/www.lodelmomentoloja.com\/index.php?rest_route=\/wp\/v2\/media\/26991"}],"wp:attachment":[{"href":"https:\/\/www.lodelmomentoloja.com\/index.php?rest_route=%2Fwp%2Fv2%2Fmedia&parent=26990"}],"wp:term":[{"taxonomy":"category","embeddable":true,"href":"https:\/\/www.lodelmomentoloja.com\/index.php?rest_route=%2Fwp%2Fv2%2Fcategories&post=26990"},{"taxonomy":"post_tag","embeddable":true,"href":"https:\/\/www.lodelmomentoloja.com\/index.php?rest_route=%2Fwp%2Fv2%2Ftags&post=26990"}],"curies":[{"name":"wp","href":"https:\/\/api.w.org\/{rel}","templated":true}]}}