{"id":2697,"date":"2021-02-25T09:40:31","date_gmt":"2021-02-25T09:40:31","guid":{"rendered":"http:\/\/www.lodelmomentoloja.com\/?p=2697"},"modified":"2021-02-25T14:58:55","modified_gmt":"2021-02-25T14:58:55","slug":"dia-internacional-del-implante-coclear","status":"publish","type":"post","link":"https:\/\/www.lodelmomentoloja.com\/?p=2697","title":{"rendered":"D\u00eda Internacional del Implante Coclear"},"content":{"rendered":"<p>#Internacional | D\u00eda Internacional del Implante Coclear<\/p>\n<p>El 25 de febrero se celebra el D\u00eda Internacional del Implante Coclear, una t\u00e9cnica con la que se consigue que una persona con sordera profunda pueda o\u00edr a trav\u00e9s de la estimulaci\u00f3n el\u00e9ctrica de las c\u00e9lulas ac\u00fasticas dentro del o\u00eddo interno.<\/p>\n<p>Precisamente fue el 25 de febrero de 1957 cuando se realiz\u00f3 el primer implante coclear, a cargo de los doctores Andr\u00e9 Djourno y Charles Eyri\u00e8s. Ellos hicieron historia al hacer o\u00edr a una persona totalmente sorda.<\/p>\n<p>El D\u00eda Internacional del Implante Coclear se empez\u00f3 a celebrar por primera vez en 2009 y desde entonces, asociaciones y la sociedad en general se empezaron a hacer eco de este avance t\u00e9cnico en el \u00e1mbito de la audici\u00f3n. Actualmente se celebra en m\u00e1s de 60 pa\u00edses con actividades y eventos de todo tipo.<\/p>\n<p>www.lodelmomentoloja.com<br \/>\n#LDMnoticias #lodelmomentolojaLDM<\/p>\n","protected":false},"excerpt":{"rendered":"<p>#Internacional | D\u00eda Internacional del Implante Coclear El 25 de febrero se celebra el D\u00eda&#8230;<\/p>\n","protected":false},"author":1,"featured_media":2698,"comment_status":"open","ping_status":"open","sticky":false,"template":"","format":"standard","meta":{"footnotes":""},"categories":[1],"tags":[],"class_list":["post-2697","post","type-post","status-publish","format-standard","has-post-thumbnail","hentry","category-inicio"],"_links":{"self":[{"href":"https:\/\/www.lodelmomentoloja.com\/index.php?rest_route=\/wp\/v2\/posts\/2697"}],"collection":[{"href":"https:\/\/www.lodelmomentoloja.com\/index.php?rest_route=\/wp\/v2\/posts"}],"about":[{"href":"https:\/\/www.lodelmomentoloja.com\/index.php?rest_route=\/wp\/v2\/types\/post"}],"author":[{"embeddable":true,"href":"https:\/\/www.lodelmomentoloja.com\/index.php?rest_route=\/wp\/v2\/users\/1"}],"replies":[{"embeddable":true,"href":"https:\/\/www.lodelmomentoloja.com\/index.php?rest_route=%2Fwp%2Fv2%2Fcomments&post=2697"}],"version-history":[{"count":1,"href":"https:\/\/www.lodelmomentoloja.com\/index.php?rest_route=\/wp\/v2\/posts\/2697\/revisions"}],"predecessor-version":[{"id":2699,"href":"https:\/\/www.lodelmomentoloja.com\/index.php?rest_route=\/wp\/v2\/posts\/2697\/revisions\/2699"}],"wp:featuredmedia":[{"embeddable":true,"href":"https:\/\/www.lodelmomentoloja.com\/index.php?rest_route=\/wp\/v2\/media\/2698"}],"wp:attachment":[{"href":"https:\/\/www.lodelmomentoloja.com\/index.php?rest_route=%2Fwp%2Fv2%2Fmedia&parent=2697"}],"wp:term":[{"taxonomy":"category","embeddable":true,"href":"https:\/\/www.lodelmomentoloja.com\/index.php?rest_route=%2Fwp%2Fv2%2Fcategories&post=2697"},{"taxonomy":"post_tag","embeddable":true,"href":"https:\/\/www.lodelmomentoloja.com\/index.php?rest_route=%2Fwp%2Fv2%2Ftags&post=2697"}],"curies":[{"name":"wp","href":"https:\/\/api.w.org\/{rel}","templated":true}]}}