{"id":26959,"date":"2025-07-18T12:12:48","date_gmt":"2025-07-18T12:12:48","guid":{"rendered":"https:\/\/www.lodelmomentoloja.com\/?p=26959"},"modified":"2025-07-18T18:15:11","modified_gmt":"2025-07-18T18:15:11","slug":"condor-andino-en-estado-critico-fue-rescatado","status":"publish","type":"post","link":"https:\/\/www.lodelmomentoloja.com\/?p=26959","title":{"rendered":"C\u00d3NDOR ANDINO EN ESTADO CR\u00cdTICO FUE RESCATADO"},"content":{"rendered":"<p>\ud83d\udea8\ud83e\udeb6\ud83c\udfe5\u00a1En estado grave! La Fundaci\u00f3n C\u00f3ndor Andino, informa que gracias a la r\u00e1pida acci\u00f3n de los Gardap\u00e1ramos de Jocotoco y del equipo t\u00e9cnico de la fundaci\u00f3n, se logr\u00f3 rescatar a un c\u00f3ndor andino en estado cr\u00edtico, con evidente dolor, desnutrici\u00f3n severa y temperatura corporal muy baja (se tratar\u00eda de una hembra subadulta con incapacidad de volar).<\/p>\n<p>Tras su rescate, fue atendida de manera urgente con especialistas en el Zool\u00f3gico de Guayllabamba, quienes la mantienen en cuidados intensivos, bajo vigilancia permanente y alimentaci\u00f3n controlada. Seg\u00fan lo emitido por veterinarios, la causa de este caso, ser\u00eda afectaci\u00f3n por haber ingerido una carro\u00f1era env3n3n4d4.<\/p>\n<p>\ud83c\udf10\u2705 S\u00edguenos en nuestra p\u00e1gina verificada: https:\/\/www.facebook.com\/lodelmomentolojaEC<\/p>\n<p>www.lodelmomentoloja.com<br \/>\n<a class=\"x1i10hfl xjbqb8w x1ejq31n x18oe1m7 x1sy0etr xstzfhl x972fbf x10w94by x1qhh985 x14e42zd x9f619 x1ypdohk xt0psk2 xe8uvvx xdj266r x14z9mp xat24cr x1lziwak xexx8yu xyri2b x18d9i69 x1c1uobl x16tdsg8 x1hl2dhg xggy1nq x1a2a7pz  _aa9_ _a6hd\" tabindex=\"0\" role=\"link\" href=\"https:\/\/www.instagram.com\/explore\/tags\/ldmnoticias\/\">#LDMnoticias<\/a>\u00a0<a class=\"x1i10hfl xjbqb8w x1ejq31n x18oe1m7 x1sy0etr xstzfhl x972fbf x10w94by x1qhh985 x14e42zd x9f619 x1ypdohk xt0psk2 xe8uvvx xdj266r x14z9mp xat24cr x1lziwak xexx8yu xyri2b x18d9i69 x1c1uobl x16tdsg8 x1hl2dhg xggy1nq x1a2a7pz  _aa9_ _a6hd\" tabindex=\"0\" role=\"link\" href=\"https:\/\/www.instagram.com\/explore\/tags\/lodelmomentolojaldm\/\">#lodelmomentolojaLDM<\/a><\/p>\n","protected":false},"excerpt":{"rendered":"<p>\ud83d\udea8\ud83e\udeb6\ud83c\udfe5\u00a1En estado grave! La Fundaci\u00f3n C\u00f3ndor Andino, informa que gracias a la r\u00e1pida acci\u00f3n de&#8230;<\/p>\n","protected":false},"author":1,"featured_media":26960,"comment_status":"open","ping_status":"open","sticky":false,"template":"","format":"standard","meta":{"footnotes":""},"categories":[7,1,5],"tags":[],"class_list":["post-26959","post","type-post","status-publish","format-standard","has-post-thumbnail","hentry","category-ecuador","category-inicio","category-loja"],"_links":{"self":[{"href":"https:\/\/www.lodelmomentoloja.com\/index.php?rest_route=\/wp\/v2\/posts\/26959"}],"collection":[{"href":"https:\/\/www.lodelmomentoloja.com\/index.php?rest_route=\/wp\/v2\/posts"}],"about":[{"href":"https:\/\/www.lodelmomentoloja.com\/index.php?rest_route=\/wp\/v2\/types\/post"}],"author":[{"embeddable":true,"href":"https:\/\/www.lodelmomentoloja.com\/index.php?rest_route=\/wp\/v2\/users\/1"}],"replies":[{"embeddable":true,"href":"https:\/\/www.lodelmomentoloja.com\/index.php?rest_route=%2Fwp%2Fv2%2Fcomments&post=26959"}],"version-history":[{"count":1,"href":"https:\/\/www.lodelmomentoloja.com\/index.php?rest_route=\/wp\/v2\/posts\/26959\/revisions"}],"predecessor-version":[{"id":26961,"href":"https:\/\/www.lodelmomentoloja.com\/index.php?rest_route=\/wp\/v2\/posts\/26959\/revisions\/26961"}],"wp:featuredmedia":[{"embeddable":true,"href":"https:\/\/www.lodelmomentoloja.com\/index.php?rest_route=\/wp\/v2\/media\/26960"}],"wp:attachment":[{"href":"https:\/\/www.lodelmomentoloja.com\/index.php?rest_route=%2Fwp%2Fv2%2Fmedia&parent=26959"}],"wp:term":[{"taxonomy":"category","embeddable":true,"href":"https:\/\/www.lodelmomentoloja.com\/index.php?rest_route=%2Fwp%2Fv2%2Fcategories&post=26959"},{"taxonomy":"post_tag","embeddable":true,"href":"https:\/\/www.lodelmomentoloja.com\/index.php?rest_route=%2Fwp%2Fv2%2Ftags&post=26959"}],"curies":[{"name":"wp","href":"https:\/\/api.w.org\/{rel}","templated":true}]}}