{"id":26956,"date":"2025-07-18T10:44:48","date_gmt":"2025-07-18T10:44:48","guid":{"rendered":"https:\/\/www.lodelmomentoloja.com\/?p=26956"},"modified":"2025-07-18T15:45:48","modified_gmt":"2025-07-18T15:45:48","slug":"sujeto-declarado-a-29-anos-de-prision-por-ultrajar-a-su-hijastra-en-zamora-chinchipe","status":"publish","type":"post","link":"https:\/\/www.lodelmomentoloja.com\/?p=26956","title":{"rendered":"SUJETO DECLARADO A 29 A\u00d1OS DE PRISION POR ULTRAJAR A SU HIJASTRA EN ZAMORA CHINCHIPE"},"content":{"rendered":"<p>\ud83d\ude31\u26d3\ufe0f\ud83d\udea8\u00a1Decisi\u00f3n un\u00e1nime! La Fiscal\u00eda General del Estado, proces\u00f3 a Tom\u00e1s A. J. hasta llevarlo a juicio, en donde un Tribunal tras la valoraci\u00f3n de las pruebas presentadas, decidieron por unanimidad, que el implicado sea declarado culpable del d3l1t0 de 4gr3s1\u00f3n s3xv4l (v10l4c1\u00f3n) a su hijastra desde el a\u00f1o 2020 (cuando la v1ct1m4 ten\u00eda 8 a\u00f1os) hasta el mes de noviembre del 2023, hechos suscitados en el cant\u00f3n Nangaritza, provincia de Zamora Chinchipe, imponi\u00e9ndole una pena de 29 a\u00f1os y 4 meses de privaci\u00f3n de libertad.<\/p>\n<p>Cabe recalcar que esta ser\u00eda la segunda sentencia que Fiscal\u00eda obtiene contra Tom\u00e1s A. por hechos similares. Este mismo mes, un Tribunal lo conden\u00f3 a 7 a\u00f1os de prisi\u00f3n como autor directo del d3l1to de 4bvs0 s3xv4l cometido contra otra ni\u00f1a.<\/p>\n<p>\ud83c\udf10\u2705 S\u00edguenos en nuestra p\u00e1gina verificada: https:\/\/www.facebook.com\/lodelmomentolojaEC<\/p>\n<p>www.lodelmomentoloja.com<br \/>\n<a class=\"x1i10hfl xjbqb8w x1ejq31n x18oe1m7 x1sy0etr xstzfhl x972fbf x10w94by x1qhh985 x14e42zd x9f619 x1ypdohk xt0psk2 xe8uvvx xdj266r x14z9mp xat24cr x1lziwak xexx8yu xyri2b x18d9i69 x1c1uobl x16tdsg8 x1hl2dhg xggy1nq x1a2a7pz  _aa9_ _a6hd\" tabindex=\"0\" role=\"link\" href=\"https:\/\/www.instagram.com\/explore\/tags\/ldmnoticias\/\">#LDMnoticias<\/a>\u00a0<a class=\"x1i10hfl xjbqb8w x1ejq31n x18oe1m7 x1sy0etr xstzfhl x972fbf x10w94by x1qhh985 x14e42zd x9f619 x1ypdohk xt0psk2 xe8uvvx xdj266r x14z9mp xat24cr x1lziwak xexx8yu xyri2b x18d9i69 x1c1uobl x16tdsg8 x1hl2dhg xggy1nq x1a2a7pz  _aa9_ _a6hd\" tabindex=\"0\" role=\"link\" href=\"https:\/\/www.instagram.com\/explore\/tags\/lodelmomentolojaldm\/\">#lodelmomentolojaLDM<\/a><\/p>\n","protected":false},"excerpt":{"rendered":"<p>\ud83d\ude31\u26d3\ufe0f\ud83d\udea8\u00a1Decisi\u00f3n un\u00e1nime! La Fiscal\u00eda General del Estado, proces\u00f3 a Tom\u00e1s A. J. hasta llevarlo a&#8230;<\/p>\n","protected":false},"author":1,"featured_media":26957,"comment_status":"open","ping_status":"open","sticky":false,"template":"","format":"standard","meta":{"footnotes":""},"categories":[7,1,5,6],"tags":[],"class_list":["post-26956","post","type-post","status-publish","format-standard","has-post-thumbnail","hentry","category-ecuador","category-inicio","category-loja","category-zamora"],"_links":{"self":[{"href":"https:\/\/www.lodelmomentoloja.com\/index.php?rest_route=\/wp\/v2\/posts\/26956"}],"collection":[{"href":"https:\/\/www.lodelmomentoloja.com\/index.php?rest_route=\/wp\/v2\/posts"}],"about":[{"href":"https:\/\/www.lodelmomentoloja.com\/index.php?rest_route=\/wp\/v2\/types\/post"}],"author":[{"embeddable":true,"href":"https:\/\/www.lodelmomentoloja.com\/index.php?rest_route=\/wp\/v2\/users\/1"}],"replies":[{"embeddable":true,"href":"https:\/\/www.lodelmomentoloja.com\/index.php?rest_route=%2Fwp%2Fv2%2Fcomments&post=26956"}],"version-history":[{"count":1,"href":"https:\/\/www.lodelmomentoloja.com\/index.php?rest_route=\/wp\/v2\/posts\/26956\/revisions"}],"predecessor-version":[{"id":26958,"href":"https:\/\/www.lodelmomentoloja.com\/index.php?rest_route=\/wp\/v2\/posts\/26956\/revisions\/26958"}],"wp:featuredmedia":[{"embeddable":true,"href":"https:\/\/www.lodelmomentoloja.com\/index.php?rest_route=\/wp\/v2\/media\/26957"}],"wp:attachment":[{"href":"https:\/\/www.lodelmomentoloja.com\/index.php?rest_route=%2Fwp%2Fv2%2Fmedia&parent=26956"}],"wp:term":[{"taxonomy":"category","embeddable":true,"href":"https:\/\/www.lodelmomentoloja.com\/index.php?rest_route=%2Fwp%2Fv2%2Fcategories&post=26956"},{"taxonomy":"post_tag","embeddable":true,"href":"https:\/\/www.lodelmomentoloja.com\/index.php?rest_route=%2Fwp%2Fv2%2Ftags&post=26956"}],"curies":[{"name":"wp","href":"https:\/\/api.w.org\/{rel}","templated":true}]}}