{"id":26944,"date":"2025-07-17T11:45:38","date_gmt":"2025-07-17T11:45:38","guid":{"rendered":"https:\/\/www.lodelmomentoloja.com\/?p=26944"},"modified":"2025-07-17T16:47:48","modified_gmt":"2025-07-17T16:47:48","slug":"corte-nacional-aprobo-extradicion-de-alias-fito","status":"publish","type":"post","link":"https:\/\/www.lodelmomentoloja.com\/?p=26944","title":{"rendered":"CORTE NACIONAL APROB\u00d3 EXTRADICI\u00d3N DE ALIAS FITO"},"content":{"rendered":"<p>\ud83d\udea8\ud83d\udeeb\ud83c\uddfa\ud83c\uddf8\u00a1Dieron luz verde! La Corte Nacional de Justicia aprob\u00f3 la extradici\u00f3n de alias &#8220;Fito&#8221;, hacia Estados Unidos. El fallo fue emitido por el presidente encargado del m\u00e1ximo \u00f3rgano judicial, Jos\u00e9 Suing, en respuesta al pedido de las autoridades estadounidenses, que acusan al cabecilla de n4rc0tr\u00e1f1c0 y d3l1ncv3ncia organizada.<\/p>\n<p>Con el aval de la Corte, la decisi\u00f3n ahora pasa al Ejecutivo, por lo cual ser\u00e1 el presidente Daniel Noboa quien tenga la \u00faltima palabra sobre la entrega de Fito a las autoridades de EE.UU., aunque ya ha manifestado p\u00fablicamente su intenci\u00f3n de concederla.<\/p>\n<p>\ud83c\udf10\u2705 S\u00edguenos en nuestra p\u00e1gina verificada: https:\/\/www.facebook.com\/lodelmomentolojaEC<\/p>\n<p>www.lodelmomentoloja.com<br \/>\n<a class=\"x1i10hfl xjbqb8w x1ejq31n x18oe1m7 x1sy0etr xstzfhl x972fbf x10w94by x1qhh985 x14e42zd x9f619 x1ypdohk xt0psk2 xe8uvvx xdj266r x14z9mp xat24cr x1lziwak xexx8yu xyri2b x18d9i69 x1c1uobl x16tdsg8 x1hl2dhg xggy1nq x1a2a7pz  _aa9_ _a6hd\" tabindex=\"0\" role=\"link\" href=\"https:\/\/www.instagram.com\/explore\/tags\/ldmnoticias\/\">#LDMnoticias<\/a>\u00a0<a class=\"x1i10hfl xjbqb8w x1ejq31n x18oe1m7 x1sy0etr xstzfhl x972fbf x10w94by x1qhh985 x14e42zd x9f619 x1ypdohk xt0psk2 xe8uvvx xdj266r x14z9mp xat24cr x1lziwak xexx8yu xyri2b x18d9i69 x1c1uobl x16tdsg8 x1hl2dhg xggy1nq x1a2a7pz  _aa9_ _a6hd\" tabindex=\"0\" role=\"link\" href=\"https:\/\/www.instagram.com\/explore\/tags\/lodelmomentolojaldm\/\">#lodelmomentolojaLDM<\/a><\/p>\n","protected":false},"excerpt":{"rendered":"<p>\ud83d\udea8\ud83d\udeeb\ud83c\uddfa\ud83c\uddf8\u00a1Dieron luz verde! La Corte Nacional de Justicia aprob\u00f3 la extradici\u00f3n de alias &#8220;Fito&#8221;, hacia&#8230;<\/p>\n","protected":false},"author":1,"featured_media":26945,"comment_status":"open","ping_status":"open","sticky":false,"template":"","format":"standard","meta":{"footnotes":""},"categories":[7,1,5],"tags":[],"class_list":["post-26944","post","type-post","status-publish","format-standard","has-post-thumbnail","hentry","category-ecuador","category-inicio","category-loja"],"_links":{"self":[{"href":"https:\/\/www.lodelmomentoloja.com\/index.php?rest_route=\/wp\/v2\/posts\/26944"}],"collection":[{"href":"https:\/\/www.lodelmomentoloja.com\/index.php?rest_route=\/wp\/v2\/posts"}],"about":[{"href":"https:\/\/www.lodelmomentoloja.com\/index.php?rest_route=\/wp\/v2\/types\/post"}],"author":[{"embeddable":true,"href":"https:\/\/www.lodelmomentoloja.com\/index.php?rest_route=\/wp\/v2\/users\/1"}],"replies":[{"embeddable":true,"href":"https:\/\/www.lodelmomentoloja.com\/index.php?rest_route=%2Fwp%2Fv2%2Fcomments&post=26944"}],"version-history":[{"count":1,"href":"https:\/\/www.lodelmomentoloja.com\/index.php?rest_route=\/wp\/v2\/posts\/26944\/revisions"}],"predecessor-version":[{"id":26946,"href":"https:\/\/www.lodelmomentoloja.com\/index.php?rest_route=\/wp\/v2\/posts\/26944\/revisions\/26946"}],"wp:featuredmedia":[{"embeddable":true,"href":"https:\/\/www.lodelmomentoloja.com\/index.php?rest_route=\/wp\/v2\/media\/26945"}],"wp:attachment":[{"href":"https:\/\/www.lodelmomentoloja.com\/index.php?rest_route=%2Fwp%2Fv2%2Fmedia&parent=26944"}],"wp:term":[{"taxonomy":"category","embeddable":true,"href":"https:\/\/www.lodelmomentoloja.com\/index.php?rest_route=%2Fwp%2Fv2%2Fcategories&post=26944"},{"taxonomy":"post_tag","embeddable":true,"href":"https:\/\/www.lodelmomentoloja.com\/index.php?rest_route=%2Fwp%2Fv2%2Ftags&post=26944"}],"curies":[{"name":"wp","href":"https:\/\/api.w.org\/{rel}","templated":true}]}}