{"id":26931,"date":"2025-07-16T13:40:45","date_gmt":"2025-07-16T13:40:45","guid":{"rendered":"https:\/\/www.lodelmomentoloja.com\/?p=26931"},"modified":"2025-07-16T18:08:01","modified_gmt":"2025-07-16T18:08:01","slug":"barbero-lojano-representara-a-ecuador-a-nivel-internacional","status":"publish","type":"post","link":"https:\/\/www.lodelmomentoloja.com\/?p=26931","title":{"rendered":"BARBERO LOJANO REPRESENTAR\u00c1 A ECUADOR A NIVEL INTERNACIONAL"},"content":{"rendered":"<p>\ud83e\udd47\ud83d\udc88\ud83d\udc87\ud83c\udffb\u200d\u2642\ufe0f\u00a1Orgullo lojano! El barbero Luis Jaramillo, propietario de BarberShop Jaramillo, logr\u00f3 obtener el primer lugar en la Gran Batalla Nacional Barbero del A\u00f1o, en su edici\u00f3n 2025, tras enfrentarse a los mejores barberos del Ecuador, dicho evento se realiz\u00f3 en la ciudad de Guayaquil, el pasado 6 de julio y cont\u00f3 con la presencia de la distribuidora Wahl Clipper Corporation. Adem\u00e1s con ello, logr\u00f3 la clasificaci\u00f3n internacional para poder representar a Ecuador en la Gran Batalla de Barberos Sudam\u00e9rica (Per\u00fa) y posteriormente pelear por el t\u00edtulo Barbero del A\u00f1o en la ciudad de Chicago, Illinois (Estados Unidos).<\/p>\n<p><img loading=\"lazy\" decoding=\"async\" class=\"alignnone size-medium wp-image-26932\" src=\"http:\/\/www.lodelmomentoloja.com\/wp-content\/uploads\/2025\/07\/WhatsApp-Image-2025-07-16-at-11.58.37-AM-169x300.jpeg\" alt=\"\" width=\"169\" height=\"300\" srcset=\"https:\/\/www.lodelmomentoloja.com\/wp-content\/uploads\/2025\/07\/WhatsApp-Image-2025-07-16-at-11.58.37-AM-169x300.jpeg 169w, https:\/\/www.lodelmomentoloja.com\/wp-content\/uploads\/2025\/07\/WhatsApp-Image-2025-07-16-at-11.58.37-AM-576x1024.jpeg 576w, https:\/\/www.lodelmomentoloja.com\/wp-content\/uploads\/2025\/07\/WhatsApp-Image-2025-07-16-at-11.58.37-AM-768x1366.jpeg 768w, https:\/\/www.lodelmomentoloja.com\/wp-content\/uploads\/2025\/07\/WhatsApp-Image-2025-07-16-at-11.58.37-AM-640x1138.jpeg 640w, https:\/\/www.lodelmomentoloja.com\/wp-content\/uploads\/2025\/07\/WhatsApp-Image-2025-07-16-at-11.58.37-AM-864x1536.jpeg 864w, https:\/\/www.lodelmomentoloja.com\/wp-content\/uploads\/2025\/07\/WhatsApp-Image-2025-07-16-at-11.58.37-AM.jpeg 899w\" sizes=\"(max-width: 169px) 100vw, 169px\" \/><\/p>\n<p>&#8220;Me siento contento, feliz de haber podido obtener este triunfo nacional y me siento honrado de la designaci\u00f3n de representar a mi pa\u00eds a nivel internacional. Se vienen muchas oportunidades que me ayudar\u00e1n a mi crecimiento profesional y personal, dando siempre lo mejor de m\u00ed.&#8221; &#8211; mencion\u00f3 Luis Jaramillo.<\/p>\n<p>\ud83c\udf10\u2705 S\u00edguenos en nuestra p\u00e1gina verificada: https:\/\/www.facebook.com\/lodelmomentolojaEC<\/p>\n<p>www.lodelmomentoloja.com<br \/>\n#LDMnoticias #lodelmomentolojaLDM<\/p>\n","protected":false},"excerpt":{"rendered":"<p>\ud83e\udd47\ud83d\udc88\ud83d\udc87\ud83c\udffb\u200d\u2642\ufe0f\u00a1Orgullo lojano! El barbero Luis Jaramillo, propietario de BarberShop Jaramillo, logr\u00f3 obtener el primer lugar&#8230;<\/p>\n","protected":false},"author":1,"featured_media":26933,"comment_status":"open","ping_status":"open","sticky":false,"template":"","format":"standard","meta":{"footnotes":""},"categories":[7,1,4,5,6],"tags":[],"class_list":["post-26931","post","type-post","status-publish","format-standard","has-post-thumbnail","hentry","category-ecuador","category-inicio","category-internacional","category-loja","category-zamora"],"_links":{"self":[{"href":"https:\/\/www.lodelmomentoloja.com\/index.php?rest_route=\/wp\/v2\/posts\/26931"}],"collection":[{"href":"https:\/\/www.lodelmomentoloja.com\/index.php?rest_route=\/wp\/v2\/posts"}],"about":[{"href":"https:\/\/www.lodelmomentoloja.com\/index.php?rest_route=\/wp\/v2\/types\/post"}],"author":[{"embeddable":true,"href":"https:\/\/www.lodelmomentoloja.com\/index.php?rest_route=\/wp\/v2\/users\/1"}],"replies":[{"embeddable":true,"href":"https:\/\/www.lodelmomentoloja.com\/index.php?rest_route=%2Fwp%2Fv2%2Fcomments&post=26931"}],"version-history":[{"count":1,"href":"https:\/\/www.lodelmomentoloja.com\/index.php?rest_route=\/wp\/v2\/posts\/26931\/revisions"}],"predecessor-version":[{"id":26934,"href":"https:\/\/www.lodelmomentoloja.com\/index.php?rest_route=\/wp\/v2\/posts\/26931\/revisions\/26934"}],"wp:featuredmedia":[{"embeddable":true,"href":"https:\/\/www.lodelmomentoloja.com\/index.php?rest_route=\/wp\/v2\/media\/26933"}],"wp:attachment":[{"href":"https:\/\/www.lodelmomentoloja.com\/index.php?rest_route=%2Fwp%2Fv2%2Fmedia&parent=26931"}],"wp:term":[{"taxonomy":"category","embeddable":true,"href":"https:\/\/www.lodelmomentoloja.com\/index.php?rest_route=%2Fwp%2Fv2%2Fcategories&post=26931"},{"taxonomy":"post_tag","embeddable":true,"href":"https:\/\/www.lodelmomentoloja.com\/index.php?rest_route=%2Fwp%2Fv2%2Ftags&post=26931"}],"curies":[{"name":"wp","href":"https:\/\/api.w.org\/{rel}","templated":true}]}}