{"id":26919,"date":"2025-07-16T09:02:37","date_gmt":"2025-07-16T09:02:37","guid":{"rendered":"https:\/\/www.lodelmomentoloja.com\/?p=26919"},"modified":"2025-07-16T16:04:22","modified_gmt":"2025-07-16T16:04:22","slug":"gobierno-lanza-plan-nos-cuidamos","status":"publish","type":"post","link":"https:\/\/www.lodelmomentoloja.com\/?p=26919","title":{"rendered":"GOBIERNO LANZA PLAN &#8216;NOS CUIDAMOS&#8217;"},"content":{"rendered":"<p>\ud83d\udea8\ud83d\ude94\ud83c\udf92\u00a1A nivel nacional! El Ministerio de Educaci\u00f3n lanz\u00f3 el plan nacional \u2018Nos Cuidamos\u2019, una estrategia para reforzar la seguridad en 365 escuelas de alto riesgo a nivel nacional, con especial atenci\u00f3n en 229 planteles de la regi\u00f3n Costa. Como parte de esta iniciativa, la Polic\u00eda podr\u00e1 ingresar a las instituciones educativas para realizar requisas en mochilas y aulas cuando exista un riesgo justificado, con el fin de frenar la violencia escolar y prevenir el reclutamiento de menores en zonas vulnerables.<\/p>\n<p>\ud83c\udf10\u2705 S\u00edguenos en nuestra p\u00e1gina verificada: https:\/\/www.facebook.com\/lodelmomentolojaEC<\/p>\n<p>www.lodelmomentoloja.com<br \/>\n<a class=\"x1i10hfl xjbqb8w x1ejq31n x18oe1m7 x1sy0etr xstzfhl x972fbf x10w94by x1qhh985 x14e42zd x9f619 x1ypdohk xt0psk2 xe8uvvx xdj266r x14z9mp xat24cr x1lziwak xexx8yu xyri2b x18d9i69 x1c1uobl x16tdsg8 x1hl2dhg xggy1nq x1a2a7pz  _aa9_ _a6hd\" tabindex=\"0\" role=\"link\" href=\"https:\/\/www.instagram.com\/explore\/tags\/ldmnoticias\/\">#LDMnoticias<\/a>\u00a0<a class=\"x1i10hfl xjbqb8w x1ejq31n x18oe1m7 x1sy0etr xstzfhl x972fbf x10w94by x1qhh985 x14e42zd x9f619 x1ypdohk xt0psk2 xe8uvvx xdj266r x14z9mp xat24cr x1lziwak xexx8yu xyri2b x18d9i69 x1c1uobl x16tdsg8 x1hl2dhg xggy1nq x1a2a7pz  _aa9_ _a6hd\" tabindex=\"0\" role=\"link\" href=\"https:\/\/www.instagram.com\/explore\/tags\/lodelmomentolojaldm\/\">#lodelmomentolojaLDM<\/a><\/p>\n","protected":false},"excerpt":{"rendered":"<p>\ud83d\udea8\ud83d\ude94\ud83c\udf92\u00a1A nivel nacional! El Ministerio de Educaci\u00f3n lanz\u00f3 el plan nacional \u2018Nos Cuidamos\u2019, una estrategia&#8230;<\/p>\n","protected":false},"author":1,"featured_media":26920,"comment_status":"open","ping_status":"open","sticky":false,"template":"","format":"standard","meta":{"footnotes":""},"categories":[7,1,5,6],"tags":[],"class_list":["post-26919","post","type-post","status-publish","format-standard","has-post-thumbnail","hentry","category-ecuador","category-inicio","category-loja","category-zamora"],"_links":{"self":[{"href":"https:\/\/www.lodelmomentoloja.com\/index.php?rest_route=\/wp\/v2\/posts\/26919"}],"collection":[{"href":"https:\/\/www.lodelmomentoloja.com\/index.php?rest_route=\/wp\/v2\/posts"}],"about":[{"href":"https:\/\/www.lodelmomentoloja.com\/index.php?rest_route=\/wp\/v2\/types\/post"}],"author":[{"embeddable":true,"href":"https:\/\/www.lodelmomentoloja.com\/index.php?rest_route=\/wp\/v2\/users\/1"}],"replies":[{"embeddable":true,"href":"https:\/\/www.lodelmomentoloja.com\/index.php?rest_route=%2Fwp%2Fv2%2Fcomments&post=26919"}],"version-history":[{"count":1,"href":"https:\/\/www.lodelmomentoloja.com\/index.php?rest_route=\/wp\/v2\/posts\/26919\/revisions"}],"predecessor-version":[{"id":26921,"href":"https:\/\/www.lodelmomentoloja.com\/index.php?rest_route=\/wp\/v2\/posts\/26919\/revisions\/26921"}],"wp:featuredmedia":[{"embeddable":true,"href":"https:\/\/www.lodelmomentoloja.com\/index.php?rest_route=\/wp\/v2\/media\/26920"}],"wp:attachment":[{"href":"https:\/\/www.lodelmomentoloja.com\/index.php?rest_route=%2Fwp%2Fv2%2Fmedia&parent=26919"}],"wp:term":[{"taxonomy":"category","embeddable":true,"href":"https:\/\/www.lodelmomentoloja.com\/index.php?rest_route=%2Fwp%2Fv2%2Fcategories&post=26919"},{"taxonomy":"post_tag","embeddable":true,"href":"https:\/\/www.lodelmomentoloja.com\/index.php?rest_route=%2Fwp%2Fv2%2Ftags&post=26919"}],"curies":[{"name":"wp","href":"https:\/\/api.w.org\/{rel}","templated":true}]}}