{"id":2690,"date":"2021-02-24T17:30:43","date_gmt":"2021-02-24T17:30:43","guid":{"rendered":"http:\/\/www.lodelmomentoloja.com\/?p=2690"},"modified":"2021-02-24T22:49:02","modified_gmt":"2021-02-24T22:49:02","slug":"renuncia-del-subdirector-del-snai","status":"publish","type":"post","link":"https:\/\/www.lodelmomentoloja.com\/?p=2690","title":{"rendered":"&#8220;Renuncia del subdirector del SNAI&#8221;"},"content":{"rendered":"<div class=\"\" data-block=\"true\" data-editor=\"7pe7q\" data-offset-key=\"adg2n-0-0\">\n<div class=\"_1mf _1mj\" data-offset-key=\"adg2n-0-0\"><span class=\"diy96o5h\"><span data-offset-key=\"adg2n-0-0\">#Nacional<\/span><\/span><span data-offset-key=\"adg2n-1-0\"> | Orlando J\u00e1come, subdirector del (SNAI), renunciar\u00eda a su cargo, tras una presunta amenaza de muerte en su contra.<\/span><\/div>\n<\/div>\n<div class=\"\" data-block=\"true\" data-editor=\"7pe7q\" data-offset-key=\"2i280-0-0\">\n<div class=\"_1mf _1mj\" data-offset-key=\"2i280-0-0\"><span data-offset-key=\"2i280-0-0\">\u00a0<\/span><\/div>\n<\/div>\n<div class=\"\" data-block=\"true\" data-editor=\"7pe7q\" data-offset-key=\"c29p-0-0\">\n<div class=\"_1mf _1mj\" data-offset-key=\"c29p-0-0\"><span data-offset-key=\"c29p-0-0\">La noticia se dio a conocer a trav\u00e9s de redes sociales y varios medios de comunicaci\u00f3n, que aseguraron que el funcionario habr\u00eda dimitido debido a la amenaza recibida en hojas volantes repartidas, la ma\u00f1ana de este mi\u00e9rcoles 24 de febrero, en las instalaciones de TC televisi\u00f3n de Guayaquil.<\/span><\/div>\n<\/div>\n<div class=\"\" data-block=\"true\" data-editor=\"7pe7q\" data-offset-key=\"bknhd-0-0\">\n<div class=\"_1mf _1mj\" data-offset-key=\"bknhd-0-0\"><span data-offset-key=\"bknhd-0-0\">\u00a0<\/span><\/div>\n<\/div>\n<div class=\"\" data-block=\"true\" data-editor=\"7pe7q\" data-offset-key=\"1sosp-0-0\">\n<div class=\"_1mf _1mj\" data-offset-key=\"1sosp-0-0\"><span data-offset-key=\"1sosp-0-0\">Esta decisi\u00f3n se dar\u00eda despu\u00e9s de los amotinamientos suscitados ayer en centros penitenciarios del pa\u00eds, que dejan al momento 79 personas privadas de la libertad fallecidas.<\/span><\/div>\n<\/div>\n<div class=\"\" data-block=\"true\" data-editor=\"7pe7q\" data-offset-key=\"dc527-0-0\">\n<div class=\"_1mf _1mj\" data-offset-key=\"dc527-0-0\"><span data-offset-key=\"dc527-0-0\">\u00a0<\/span><\/div>\n<\/div>\n<div class=\"\" data-block=\"true\" data-editor=\"7pe7q\" data-offset-key=\"3m9om-0-0\">\n<div class=\"_1mf _1mj\" data-offset-key=\"3m9om-0-0\"><span data-offset-key=\"3m9om-0-0\">Al momento, las autoridades no han emitido un comunicado oficial sobre la renuncia del funcionario.<\/span><\/div>\n<\/div>\n<div class=\"\" data-block=\"true\" data-editor=\"7pe7q\" data-offset-key=\"7f8qr-0-0\">\n<div class=\"_1mf _1mj\" data-offset-key=\"7f8qr-0-0\"><span data-offset-key=\"7f8qr-0-0\">\u00a0<\/span><\/div>\n<\/div>\n<div class=\"\" data-block=\"true\" data-editor=\"7pe7q\" data-offset-key=\"fi0tn-0-0\">\n<div class=\"_1mf _1mj\" data-offset-key=\"fi0tn-0-0\"><span data-offset-key=\"fi0tn-0-0\">En los panfletos redactados por la organizaci\u00f3n delictiva \u00abChoneKillers\u00bb, que particip\u00f3 en los amotinamientos del mi\u00e9rcoles 23 de febrero, se encuentra la amenaza a J\u00e1come donde se lee:<\/span><\/div>\n<\/div>\n<div class=\"\" data-block=\"true\" data-editor=\"7pe7q\" data-offset-key=\"90i9m-0-0\">\n<div class=\"_1mf _1mj\" data-offset-key=\"90i9m-0-0\"><span data-offset-key=\"90i9m-0-0\">\u00a0<\/span><\/div>\n<\/div>\n<div class=\"\" data-block=\"true\" data-editor=\"7pe7q\" data-offset-key=\"fb4sl-0-0\">\n<div class=\"_1mf _1mj\" data-offset-key=\"fb4sl-0-0\"><span data-offset-key=\"fb4sl-0-0\">\u00abEl coronel J\u00e1come de la DGI lo queremos muerto o fuera del sistema porque \u00e9l es el causante de todas las muertes en las c\u00e1rceles por seguirle las indicaciones a alias Fito y a alias J.R.\u00bb.<\/span><\/div>\n<\/div>\n<div class=\"\" data-block=\"true\" data-editor=\"7pe7q\" data-offset-key=\"22a18-0-0\">\n<div class=\"_1mf _1mj\" data-offset-key=\"22a18-0-0\"><span data-offset-key=\"22a18-0-0\">\u00a0<\/span><\/div>\n<\/div>\n<div class=\"\" data-block=\"true\" data-editor=\"7pe7q\" data-offset-key=\"e75bl-0-0\">\n<div class=\"_1mf _1mj\" data-offset-key=\"e75bl-0-0\"><span data-offset-key=\"e75bl-0-0\">Fuente: Pichincha Comunicaciones<\/span><\/div>\n<\/div>\n<div class=\"\" data-block=\"true\" data-editor=\"7pe7q\" data-offset-key=\"7aovg-0-0\">\n<div class=\"_1mf _1mj\" data-offset-key=\"7aovg-0-0\"><span data-offset-key=\"7aovg-0-0\">\u00a0<\/span><\/div>\n<\/div>\n<div class=\"\" data-block=\"true\" data-editor=\"7pe7q\" data-offset-key=\"47vr8-0-0\">\n<div class=\"_1mf _1mj\" data-offset-key=\"47vr8-0-0\"><span class=\"py34i1dx\"><span data-offset-key=\"47vr8-0-0\">www.lodelmomentoloja.com<\/span><\/span><\/div>\n<\/div>\n<div class=\"\" data-block=\"true\" data-editor=\"7pe7q\" data-offset-key=\"cetds-0-0\">\n<div class=\"_1mf _1mj\" data-offset-key=\"cetds-0-0\"><span class=\"diy96o5h\"><span data-offset-key=\"cetds-0-0\">#LDMnoticias<\/span><\/span> <span class=\"diy96o5h\" spellcheck=\"false\" data-offset-key=\"cetds-2-0\"><span data-offset-key=\"cetds-2-0\">#lodelmomentolojaLDM<\/span><\/span><\/div>\n<\/div>\n","protected":false},"excerpt":{"rendered":"<p>#Nacional | Orlando J\u00e1come, subdirector del (SNAI), renunciar\u00eda a su cargo, tras una presunta amenaza&#8230;<\/p>\n","protected":false},"author":1,"featured_media":2691,"comment_status":"open","ping_status":"open","sticky":false,"template":"","format":"standard","meta":{"footnotes":""},"categories":[1],"tags":[],"class_list":["post-2690","post","type-post","status-publish","format-standard","has-post-thumbnail","hentry","category-inicio"],"_links":{"self":[{"href":"https:\/\/www.lodelmomentoloja.com\/index.php?rest_route=\/wp\/v2\/posts\/2690"}],"collection":[{"href":"https:\/\/www.lodelmomentoloja.com\/index.php?rest_route=\/wp\/v2\/posts"}],"about":[{"href":"https:\/\/www.lodelmomentoloja.com\/index.php?rest_route=\/wp\/v2\/types\/post"}],"author":[{"embeddable":true,"href":"https:\/\/www.lodelmomentoloja.com\/index.php?rest_route=\/wp\/v2\/users\/1"}],"replies":[{"embeddable":true,"href":"https:\/\/www.lodelmomentoloja.com\/index.php?rest_route=%2Fwp%2Fv2%2Fcomments&post=2690"}],"version-history":[{"count":1,"href":"https:\/\/www.lodelmomentoloja.com\/index.php?rest_route=\/wp\/v2\/posts\/2690\/revisions"}],"predecessor-version":[{"id":2692,"href":"https:\/\/www.lodelmomentoloja.com\/index.php?rest_route=\/wp\/v2\/posts\/2690\/revisions\/2692"}],"wp:featuredmedia":[{"embeddable":true,"href":"https:\/\/www.lodelmomentoloja.com\/index.php?rest_route=\/wp\/v2\/media\/2691"}],"wp:attachment":[{"href":"https:\/\/www.lodelmomentoloja.com\/index.php?rest_route=%2Fwp%2Fv2%2Fmedia&parent=2690"}],"wp:term":[{"taxonomy":"category","embeddable":true,"href":"https:\/\/www.lodelmomentoloja.com\/index.php?rest_route=%2Fwp%2Fv2%2Fcategories&post=2690"},{"taxonomy":"post_tag","embeddable":true,"href":"https:\/\/www.lodelmomentoloja.com\/index.php?rest_route=%2Fwp%2Fv2%2Ftags&post=2690"}],"curies":[{"name":"wp","href":"https:\/\/api.w.org\/{rel}","templated":true}]}}