{"id":2687,"date":"2021-02-24T15:43:32","date_gmt":"2021-02-24T15:43:32","guid":{"rendered":"http:\/\/www.lodelmomentoloja.com\/?p=2687"},"modified":"2021-02-24T20:43:52","modified_gmt":"2021-02-24T20:43:52","slug":"donacion-de-quipo-para-combatir-el-virus","status":"publish","type":"post","link":"https:\/\/www.lodelmomentoloja.com\/?p=2687","title":{"rendered":"Donaci\u00f3n de quipo para combatir el virus"},"content":{"rendered":"<div class=\"kvgmc6g5 cxmmr5t8 oygrvhab hcukyx3x c1et5uql ii04i59q\">\n<div dir=\"auto\"><a class=\"oajrlxb2 g5ia77u1 qu0x051f esr5mh6w e9989ue4 r7d6kgcz rq0escxv nhd2j8a9 nc684nl6 p7hjln8o kvgmc6g5 cxmmr5t8 oygrvhab hcukyx3x jb3vyjys rz4wbd8a qt6c0cv9 a8nywdso i1ao9s8h esuyzwwr f1sip0of lzcic4wl q66pz984 gpro0wi8 b1v8xokw\" tabindex=\"0\" role=\"link\" href=\"https:\/\/www.facebook.com\/hashtag\/nacional?__eep__=6&amp;__cft__[0]=AZWauzj4nPcgYNJCmnlZtcbNyGFo95yx4Rh-cYWjNNMIeWeCW8TAUZwFW-zVNiS5o8aq56rpua_Gpgc5D17kRTzQ01aOidyZFnkR9fIqKab5sLnICBUdpLjDEYKMVgdkA0txgcBnEsWEgt4XTBmWrcLmzetu3nE6lqJPYhxpJjH-h1dd5N-y4OF7FIY7-oe8tDA&amp;__tn__=*NK-R\">#Nacional<\/a> | Empresas agroindustriales ecuatorianas recibieron donaci\u00f3n de mascarillas y kits del Gobierno de Corea del Sur.<\/div>\n<div dir=\"auto\"><\/div>\n<\/div>\n<div class=\"o9v6fnle cxmmr5t8 oygrvhab hcukyx3x c1et5uql ii04i59q\">\n<div dir=\"auto\">Es la segunda donaci\u00f3n de equipo para combatir la pandemia, la primera fue en octubre del 2020 al Ministerio de Producci\u00f3n.<\/div>\n<\/div>\n<div class=\"o9v6fnle cxmmr5t8 oygrvhab hcukyx3x c1et5uql ii04i59q\">\n<div dir=\"auto\">Doce plantas ecuatorianas del sector agroindustrial recibieron en donaci\u00f3n 12.000 mascarillas faciales KF-80 y 12 kits para uso de las empresas, como apoyo para solventar la crisis sanitaria por el Covid-19.<\/div>\n<div dir=\"auto\"><\/div>\n<\/div>\n<div class=\"o9v6fnle cxmmr5t8 oygrvhab hcukyx3x c1et5uql ii04i59q\">\n<div dir=\"auto\">Se trata de la segunda donaci\u00f3n por parte del Gobierno de Corea del Sur, a trav\u00e9s del Instituto Coreano para el Desarrollo Tecnol\u00f3gico (KIAT), inform\u00f3 el Ministerio de Producci\u00f3n, Comercio Exterior, Inversiones y Pesca (MPCEIP). La primera ocurri\u00f3 en octubre del 2020 y fue de 50.000 mascarillas faciales KF-80 a la cartera de Estado.<\/div>\n<div dir=\"auto\"><\/div>\n<\/div>\n<div class=\"o9v6fnle cxmmr5t8 oygrvhab hcukyx3x c1et5uql ii04i59q\">\n<div dir=\"auto\"><a class=\"oajrlxb2 g5ia77u1 qu0x051f esr5mh6w e9989ue4 r7d6kgcz rq0escxv nhd2j8a9 nc684nl6 p7hjln8o kvgmc6g5 cxmmr5t8 oygrvhab hcukyx3x jb3vyjys rz4wbd8a qt6c0cv9 a8nywdso i1ao9s8h esuyzwwr f1sip0of lzcic4wl py34i1dx gpro0wi8\" tabindex=\"0\" role=\"link\" href=\"https:\/\/l.facebook.com\/l.php?u=http%3A%2F%2Fwww.lodelmomentoloja.com%2F%3Ffbclid%3DIwAR3wescQt7xu8izS6ffXH9oCUBlAaVf_MILvNYrAG8l_l5Ss0H6IFeZi35I&amp;h=AT0xPIfHsFJrAk6xHEX7H0JODagpP7mAi4pNVWXMipaIMrZXrqYfqg7dZBXWknBmePCWqEu-votPklafpbgdxWHkuB8Kr3xtsg0SSANJez-4-pLWQ-HaiMVcbJpLHcnK&amp;__tn__=-UK-R&amp;c[0]=AT2Jl-q-VhyXKxf9D-nr-kX5uUCDyBU7jLorUIJXNKLIKkqx9Fl5JRKbRnbqaOH9Hrz66NfJckJhKEoUdVtilRmQrD79ULzxPJ6RazSpYjmdRnaFik3995L8yrHNukg_dtfSR8wNyq0nksxmD4lWFvjMfm-CgC-1ypb0tSthhW7bo8UlrtR0tnstQUhvgd8ydNPRx0s\" target=\"_blank\" rel=\"nofollow noopener\">www.lodelmomentoloja.com<\/a><\/div>\n<div dir=\"auto\"><a class=\"oajrlxb2 g5ia77u1 qu0x051f esr5mh6w e9989ue4 r7d6kgcz rq0escxv nhd2j8a9 nc684nl6 p7hjln8o kvgmc6g5 cxmmr5t8 oygrvhab hcukyx3x jb3vyjys rz4wbd8a qt6c0cv9 a8nywdso i1ao9s8h esuyzwwr f1sip0of lzcic4wl q66pz984 gpro0wi8 b1v8xokw\" tabindex=\"0\" role=\"link\" href=\"https:\/\/www.facebook.com\/hashtag\/ldmnoticias?__eep__=6&amp;__cft__[0]=AZWauzj4nPcgYNJCmnlZtcbNyGFo95yx4Rh-cYWjNNMIeWeCW8TAUZwFW-zVNiS5o8aq56rpua_Gpgc5D17kRTzQ01aOidyZFnkR9fIqKab5sLnICBUdpLjDEYKMVgdkA0txgcBnEsWEgt4XTBmWrcLmzetu3nE6lqJPYhxpJjH-h1dd5N-y4OF7FIY7-oe8tDA&amp;__tn__=*NK-R\">#LDMnoticias<\/a> <a class=\"oajrlxb2 g5ia77u1 qu0x051f esr5mh6w e9989ue4 r7d6kgcz rq0escxv nhd2j8a9 nc684nl6 p7hjln8o kvgmc6g5 cxmmr5t8 oygrvhab hcukyx3x jb3vyjys rz4wbd8a qt6c0cv9 a8nywdso i1ao9s8h esuyzwwr f1sip0of lzcic4wl q66pz984 gpro0wi8 b1v8xokw\" tabindex=\"0\" role=\"link\" href=\"https:\/\/www.facebook.com\/hashtag\/lodelmomentolojaldm?__eep__=6&amp;__cft__[0]=AZWauzj4nPcgYNJCmnlZtcbNyGFo95yx4Rh-cYWjNNMIeWeCW8TAUZwFW-zVNiS5o8aq56rpua_Gpgc5D17kRTzQ01aOidyZFnkR9fIqKab5sLnICBUdpLjDEYKMVgdkA0txgcBnEsWEgt4XTBmWrcLmzetu3nE6lqJPYhxpJjH-h1dd5N-y4OF7FIY7-oe8tDA&amp;__tn__=*NK-R\">#lodelmomentolojaLDM<\/a><\/div>\n<\/div>\n","protected":false},"excerpt":{"rendered":"<p>#Nacional | Empresas agroindustriales ecuatorianas recibieron donaci\u00f3n de mascarillas y kits del Gobierno de Corea&#8230;<\/p>\n","protected":false},"author":1,"featured_media":2688,"comment_status":"open","ping_status":"open","sticky":false,"template":"","format":"standard","meta":{"footnotes":""},"categories":[1],"tags":[],"class_list":["post-2687","post","type-post","status-publish","format-standard","has-post-thumbnail","hentry","category-inicio"],"_links":{"self":[{"href":"https:\/\/www.lodelmomentoloja.com\/index.php?rest_route=\/wp\/v2\/posts\/2687"}],"collection":[{"href":"https:\/\/www.lodelmomentoloja.com\/index.php?rest_route=\/wp\/v2\/posts"}],"about":[{"href":"https:\/\/www.lodelmomentoloja.com\/index.php?rest_route=\/wp\/v2\/types\/post"}],"author":[{"embeddable":true,"href":"https:\/\/www.lodelmomentoloja.com\/index.php?rest_route=\/wp\/v2\/users\/1"}],"replies":[{"embeddable":true,"href":"https:\/\/www.lodelmomentoloja.com\/index.php?rest_route=%2Fwp%2Fv2%2Fcomments&post=2687"}],"version-history":[{"count":1,"href":"https:\/\/www.lodelmomentoloja.com\/index.php?rest_route=\/wp\/v2\/posts\/2687\/revisions"}],"predecessor-version":[{"id":2689,"href":"https:\/\/www.lodelmomentoloja.com\/index.php?rest_route=\/wp\/v2\/posts\/2687\/revisions\/2689"}],"wp:featuredmedia":[{"embeddable":true,"href":"https:\/\/www.lodelmomentoloja.com\/index.php?rest_route=\/wp\/v2\/media\/2688"}],"wp:attachment":[{"href":"https:\/\/www.lodelmomentoloja.com\/index.php?rest_route=%2Fwp%2Fv2%2Fmedia&parent=2687"}],"wp:term":[{"taxonomy":"category","embeddable":true,"href":"https:\/\/www.lodelmomentoloja.com\/index.php?rest_route=%2Fwp%2Fv2%2Fcategories&post=2687"},{"taxonomy":"post_tag","embeddable":true,"href":"https:\/\/www.lodelmomentoloja.com\/index.php?rest_route=%2Fwp%2Fv2%2Ftags&post=2687"}],"curies":[{"name":"wp","href":"https:\/\/api.w.org\/{rel}","templated":true}]}}