{"id":26861,"date":"2025-07-11T08:46:32","date_gmt":"2025-07-11T08:46:32","guid":{"rendered":"https:\/\/www.lodelmomentoloja.com\/?p=26861"},"modified":"2025-07-11T16:48:26","modified_gmt":"2025-07-11T16:48:26","slug":"lojana-designada-como-viceministra-de-hidrocarburos","status":"publish","type":"post","link":"https:\/\/www.lodelmomentoloja.com\/?p=26861","title":{"rendered":"Lojana designada como Viceministra de Hidrocarburos"},"content":{"rendered":"<p>\ud83d\udea8\ud83e\uddd0\ud83d\udc49\ud83c\udffb \u00a1Nueva designaci\u00f3n! El 10 de julio, la lojana Mar\u00eda Daniela Conde Cajas fue designada como la nueva viceministra de Hidrocarburos, la noticia la dio a conocer la ministra de Energ\u00eda y Minas, In\u00e9s Manzano a trav\u00e9s de su cuenta de X, Conde asumir\u00e1 el cargo en reemplazo de Guilhermo Ferreira quien estuvo en el cargo durante nueve meses.<\/p>\n<p>Daniela Conde, ha ocupado cargos como subsecretaria general de Acci\u00f3n Estrat\u00e9gica, adem\u00e1s del IESS donde se desempe\u00f1\u00f3 como Coordinadora Nacional de Inteligencia de la Salud. Adem\u00e1s, mediante Decreto Ejecutivo 600, Daniel Noboa design\u00f3 a la funcionaria como delegada del presidente de la Rep\u00fablica ante la Junta del Fideicomiso Mercantil AGD CFN No M\u00e1s Impunidad, en abril de 2025.<\/p>\n<p>\ud83c\udf10\u2705 S\u00edguenos en nuestra p\u00e1gina verificada: https:\/\/www.facebook.com\/lodelmomentolojaEC<\/p>\n<p>www.lodelmomentoloja.com<br \/>\n#LDMnoticias #lodelmomentolojaLDM<\/p>\n","protected":false},"excerpt":{"rendered":"<p>\ud83d\udea8\ud83e\uddd0\ud83d\udc49\ud83c\udffb \u00a1Nueva designaci\u00f3n! El 10 de julio, la lojana Mar\u00eda Daniela Conde Cajas fue designada&#8230;<\/p>\n","protected":false},"author":1,"featured_media":26863,"comment_status":"open","ping_status":"open","sticky":false,"template":"","format":"standard","meta":{"footnotes":""},"categories":[7,1,5],"tags":[],"class_list":["post-26861","post","type-post","status-publish","format-standard","has-post-thumbnail","hentry","category-ecuador","category-inicio","category-loja"],"_links":{"self":[{"href":"https:\/\/www.lodelmomentoloja.com\/index.php?rest_route=\/wp\/v2\/posts\/26861"}],"collection":[{"href":"https:\/\/www.lodelmomentoloja.com\/index.php?rest_route=\/wp\/v2\/posts"}],"about":[{"href":"https:\/\/www.lodelmomentoloja.com\/index.php?rest_route=\/wp\/v2\/types\/post"}],"author":[{"embeddable":true,"href":"https:\/\/www.lodelmomentoloja.com\/index.php?rest_route=\/wp\/v2\/users\/1"}],"replies":[{"embeddable":true,"href":"https:\/\/www.lodelmomentoloja.com\/index.php?rest_route=%2Fwp%2Fv2%2Fcomments&post=26861"}],"version-history":[{"count":1,"href":"https:\/\/www.lodelmomentoloja.com\/index.php?rest_route=\/wp\/v2\/posts\/26861\/revisions"}],"predecessor-version":[{"id":26864,"href":"https:\/\/www.lodelmomentoloja.com\/index.php?rest_route=\/wp\/v2\/posts\/26861\/revisions\/26864"}],"wp:featuredmedia":[{"embeddable":true,"href":"https:\/\/www.lodelmomentoloja.com\/index.php?rest_route=\/wp\/v2\/media\/26863"}],"wp:attachment":[{"href":"https:\/\/www.lodelmomentoloja.com\/index.php?rest_route=%2Fwp%2Fv2%2Fmedia&parent=26861"}],"wp:term":[{"taxonomy":"category","embeddable":true,"href":"https:\/\/www.lodelmomentoloja.com\/index.php?rest_route=%2Fwp%2Fv2%2Fcategories&post=26861"},{"taxonomy":"post_tag","embeddable":true,"href":"https:\/\/www.lodelmomentoloja.com\/index.php?rest_route=%2Fwp%2Fv2%2Ftags&post=26861"}],"curies":[{"name":"wp","href":"https:\/\/api.w.org\/{rel}","templated":true}]}}