{"id":26849,"date":"2025-07-10T11:33:26","date_gmt":"2025-07-10T11:33:26","guid":{"rendered":"https:\/\/www.lodelmomentoloja.com\/?p=26849"},"modified":"2025-07-10T16:35:22","modified_gmt":"2025-07-10T16:35:22","slug":"christopher-velez-representara-a-ecuador-en-top-chef-vip-de-telemundo","status":"publish","type":"post","link":"https:\/\/www.lodelmomentoloja.com\/?p=26849","title":{"rendered":"CHRISTOPHER V\u00c9LEZ REPRESENTAR\u00c1 A ECUADOR EN TOP CHEF VIP, DE TELEMUNDO"},"content":{"rendered":"<p>\ud83c\uddea\ud83c\udde8\ud83d\udc68\ud83c\udffb\u200d\ud83c\udf73\ud83d\udc68\ud83c\udffb\u200d\ud83c\udfa4\u00a1Una nueva faceta! El artista lojano Christopher V\u00e9lez (ex integrante de la banda juvenil CNCO) fue anunciado como parte de los famosos que participar\u00e1n en el reality Top Chef VIP, de Telemundo, en su cuarta temporada, siendo el representante Ecuatoriano en este segmento internacional. En la lista de participantes, V\u00e9lez aparece junto a otras figuras de Latinoam\u00e9rica, como Elvis Crespo, Sergio Sendel, Lorena Herrera y Juan Soler.<\/p>\n<p>\ud83d\udd34La nueva edici\u00f3n de Top Chef VIP se estrenar\u00e1 el martes 29 de julio y contar\u00e1 con la conducci\u00f3n de la actriz colombiana Carmen Villalobos.<\/p>\n<p>\ud83c\udf10\u2705 S\u00edguenos en nuestra p\u00e1gina verificada: https:\/\/www.facebook.com\/lodelmomentolojaEC<\/p>\n<p>www.lodelmomentoloja.com<br \/>\n<a class=\"x1i10hfl xjbqb8w x1ejq31n x18oe1m7 x1sy0etr xstzfhl x972fbf x10w94by x1qhh985 x14e42zd x9f619 x1ypdohk xt0psk2 xe8uvvx xdj266r x14z9mp xat24cr x1lziwak xexx8yu xyri2b x18d9i69 x1c1uobl x16tdsg8 x1hl2dhg xggy1nq x1a2a7pz  _aa9_ _a6hd\" tabindex=\"0\" role=\"link\" href=\"https:\/\/www.instagram.com\/explore\/tags\/ldmnoticias\/\">#LDMnoticias<\/a>\u00a0<a class=\"x1i10hfl xjbqb8w x1ejq31n x18oe1m7 x1sy0etr xstzfhl x972fbf x10w94by x1qhh985 x14e42zd x9f619 x1ypdohk xt0psk2 xe8uvvx xdj266r x14z9mp xat24cr x1lziwak xexx8yu xyri2b x18d9i69 x1c1uobl x16tdsg8 x1hl2dhg xggy1nq x1a2a7pz  _aa9_ _a6hd\" tabindex=\"0\" role=\"link\" href=\"https:\/\/www.instagram.com\/explore\/tags\/lodelmomentolojaldm\/\">#lodelmomentolojaLDM<\/a><\/p>\n","protected":false},"excerpt":{"rendered":"<p>\ud83c\uddea\ud83c\udde8\ud83d\udc68\ud83c\udffb\u200d\ud83c\udf73\ud83d\udc68\ud83c\udffb\u200d\ud83c\udfa4\u00a1Una nueva faceta! El artista lojano Christopher V\u00e9lez (ex integrante de la banda juvenil CNCO)&#8230;<\/p>\n","protected":false},"author":1,"featured_media":26850,"comment_status":"open","ping_status":"open","sticky":false,"template":"","format":"standard","meta":{"footnotes":""},"categories":[7,1,4,5],"tags":[],"class_list":["post-26849","post","type-post","status-publish","format-standard","has-post-thumbnail","hentry","category-ecuador","category-inicio","category-internacional","category-loja"],"_links":{"self":[{"href":"https:\/\/www.lodelmomentoloja.com\/index.php?rest_route=\/wp\/v2\/posts\/26849"}],"collection":[{"href":"https:\/\/www.lodelmomentoloja.com\/index.php?rest_route=\/wp\/v2\/posts"}],"about":[{"href":"https:\/\/www.lodelmomentoloja.com\/index.php?rest_route=\/wp\/v2\/types\/post"}],"author":[{"embeddable":true,"href":"https:\/\/www.lodelmomentoloja.com\/index.php?rest_route=\/wp\/v2\/users\/1"}],"replies":[{"embeddable":true,"href":"https:\/\/www.lodelmomentoloja.com\/index.php?rest_route=%2Fwp%2Fv2%2Fcomments&post=26849"}],"version-history":[{"count":1,"href":"https:\/\/www.lodelmomentoloja.com\/index.php?rest_route=\/wp\/v2\/posts\/26849\/revisions"}],"predecessor-version":[{"id":26851,"href":"https:\/\/www.lodelmomentoloja.com\/index.php?rest_route=\/wp\/v2\/posts\/26849\/revisions\/26851"}],"wp:featuredmedia":[{"embeddable":true,"href":"https:\/\/www.lodelmomentoloja.com\/index.php?rest_route=\/wp\/v2\/media\/26850"}],"wp:attachment":[{"href":"https:\/\/www.lodelmomentoloja.com\/index.php?rest_route=%2Fwp%2Fv2%2Fmedia&parent=26849"}],"wp:term":[{"taxonomy":"category","embeddable":true,"href":"https:\/\/www.lodelmomentoloja.com\/index.php?rest_route=%2Fwp%2Fv2%2Fcategories&post=26849"},{"taxonomy":"post_tag","embeddable":true,"href":"https:\/\/www.lodelmomentoloja.com\/index.php?rest_route=%2Fwp%2Fv2%2Ftags&post=26849"}],"curies":[{"name":"wp","href":"https:\/\/api.w.org\/{rel}","templated":true}]}}