{"id":26846,"date":"2025-07-10T10:31:37","date_gmt":"2025-07-10T10:31:37","guid":{"rendered":"https:\/\/www.lodelmomentoloja.com\/?p=26846"},"modified":"2025-07-10T16:33:16","modified_gmt":"2025-07-10T16:33:16","slug":"papa-leon-xiv-invita-a-ucrania-y-rusia-a-negociar-un-acuerdo-de-paz","status":"publish","type":"post","link":"https:\/\/www.lodelmomentoloja.com\/?p=26846","title":{"rendered":"PAPA LE\u00d3N XIV INVITA A UCRANIA Y RUSIA A NEGOCIAR UN ACUERDO DE PAZ"},"content":{"rendered":"<p>\ud83c\uddfa\ud83c\udde6\ud83e\udd1d\ud83c\udffb\ud83c\uddf7\ud83c\uddfa\u00bfSer\u00e1 el mediador? El sumo pont\u00edfice ha reafirmado la disponibilidad de acoger en el Vaticano a representantes de Rusia y Ucrania para las negociaciones, se lee en un comunicado de la Secretar\u00eda de Estado de la Santa Sede que se ha divulgado en italiano, ucraniano e ingl\u00e9s.<\/p>\n<p>&#8220;Por supuesto, queremos la paz, queremos que esta guerra termine y contamos con el Vaticano y con Su Santidad para que nos ayuden a encontrar un lugar para una reuni\u00f3n de alto nivel con los l\u00edderes, con el fin de poner fin a esta guerra&#8221; &#8211; mencion\u00f3 el presidente de Ucrania.<\/p>\n<p>\ud83c\udf10\u2705 S\u00edguenos en nuestra p\u00e1gina verificada: https:\/\/www.facebook.com\/lodelmomentolojaEC<\/p>\n<p>www.lodelmomentoloja.com<br \/>\n<a class=\"x1i10hfl xjbqb8w x1ejq31n x18oe1m7 x1sy0etr xstzfhl x972fbf x10w94by x1qhh985 x14e42zd x9f619 x1ypdohk xt0psk2 xe8uvvx xdj266r x14z9mp xat24cr x1lziwak xexx8yu xyri2b x18d9i69 x1c1uobl x16tdsg8 x1hl2dhg xggy1nq x1a2a7pz  _aa9_ _a6hd\" tabindex=\"0\" role=\"link\" href=\"https:\/\/www.instagram.com\/explore\/tags\/ldmnoticias\/\">#LDMnoticias<\/a>\u00a0<a class=\"x1i10hfl xjbqb8w x1ejq31n x18oe1m7 x1sy0etr xstzfhl x972fbf x10w94by x1qhh985 x14e42zd x9f619 x1ypdohk xt0psk2 xe8uvvx xdj266r x14z9mp xat24cr x1lziwak xexx8yu xyri2b x18d9i69 x1c1uobl x16tdsg8 x1hl2dhg xggy1nq x1a2a7pz  _aa9_ _a6hd\" tabindex=\"0\" role=\"link\" href=\"https:\/\/www.instagram.com\/explore\/tags\/lodelmomentolojaldm\/\">#lodelmomentolojaLDM<\/a><\/p>\n","protected":false},"excerpt":{"rendered":"<p>\ud83c\uddfa\ud83c\udde6\ud83e\udd1d\ud83c\udffb\ud83c\uddf7\ud83c\uddfa\u00bfSer\u00e1 el mediador? El sumo pont\u00edfice ha reafirmado la disponibilidad de acoger en el Vaticano&#8230;<\/p>\n","protected":false},"author":1,"featured_media":26847,"comment_status":"open","ping_status":"open","sticky":false,"template":"","format":"standard","meta":{"footnotes":""},"categories":[7,1,4],"tags":[],"class_list":["post-26846","post","type-post","status-publish","format-standard","has-post-thumbnail","hentry","category-ecuador","category-inicio","category-internacional"],"_links":{"self":[{"href":"https:\/\/www.lodelmomentoloja.com\/index.php?rest_route=\/wp\/v2\/posts\/26846"}],"collection":[{"href":"https:\/\/www.lodelmomentoloja.com\/index.php?rest_route=\/wp\/v2\/posts"}],"about":[{"href":"https:\/\/www.lodelmomentoloja.com\/index.php?rest_route=\/wp\/v2\/types\/post"}],"author":[{"embeddable":true,"href":"https:\/\/www.lodelmomentoloja.com\/index.php?rest_route=\/wp\/v2\/users\/1"}],"replies":[{"embeddable":true,"href":"https:\/\/www.lodelmomentoloja.com\/index.php?rest_route=%2Fwp%2Fv2%2Fcomments&post=26846"}],"version-history":[{"count":1,"href":"https:\/\/www.lodelmomentoloja.com\/index.php?rest_route=\/wp\/v2\/posts\/26846\/revisions"}],"predecessor-version":[{"id":26848,"href":"https:\/\/www.lodelmomentoloja.com\/index.php?rest_route=\/wp\/v2\/posts\/26846\/revisions\/26848"}],"wp:featuredmedia":[{"embeddable":true,"href":"https:\/\/www.lodelmomentoloja.com\/index.php?rest_route=\/wp\/v2\/media\/26847"}],"wp:attachment":[{"href":"https:\/\/www.lodelmomentoloja.com\/index.php?rest_route=%2Fwp%2Fv2%2Fmedia&parent=26846"}],"wp:term":[{"taxonomy":"category","embeddable":true,"href":"https:\/\/www.lodelmomentoloja.com\/index.php?rest_route=%2Fwp%2Fv2%2Fcategories&post=26846"},{"taxonomy":"post_tag","embeddable":true,"href":"https:\/\/www.lodelmomentoloja.com\/index.php?rest_route=%2Fwp%2Fv2%2Ftags&post=26846"}],"curies":[{"name":"wp","href":"https:\/\/api.w.org\/{rel}","templated":true}]}}