{"id":26823,"date":"2025-07-09T09:31:52","date_gmt":"2025-07-09T09:31:52","guid":{"rendered":"https:\/\/www.lodelmomentoloja.com\/?p=26823"},"modified":"2025-07-09T14:32:50","modified_gmt":"2025-07-09T14:32:50","slug":"hospital-isidro-ayora-cuenta-con-nuevo-gerente-general","status":"publish","type":"post","link":"https:\/\/www.lodelmomentoloja.com\/?p=26823","title":{"rendered":"HOSPITAL ISIDRO AYORA CUENTA CON NUEVO GERENTE GENERAL"},"content":{"rendered":"<p>\ud83c\udfe5\u2695\ufe0f\ud83d\udc68\ud83c\udffb\u200d\u2695\ufe0f\u00a1Nuevo al cargo! El lojano (oriundo de Macar\u00e1) Dr. Andr\u00e9s Benjam\u00edn Celi Cuje fue designado como nuevo gerente del Hospital Isidro Ayora de Loja, por el Ministerio de Salud P\u00fablica. Andr\u00e9s cuenta con una amplia trayectoria en el sector p\u00fablico, desempe\u00f1ando funciones de alto nivel dentro del MSP, entre ellas, la Subsecretar\u00eda Nacional de Promoci\u00f3n de Salud e Igualdad. Esta designaci\u00f3n se da en reemplazo de Diego Carri\u00f3n, quien asumi\u00f3 el cargo en enero del 2024.<\/p>\n<p>\ud83c\udf10\u2705 S\u00edguenos en nuestra p\u00e1gina verificada: https:\/\/www.facebook.com\/lodelmomentolojaEC<\/p>\n<p>www.lodelmomentoloja.com<br \/>\n<a class=\"x1i10hfl xjbqb8w x1ejq31n x18oe1m7 x1sy0etr xstzfhl x972fbf x10w94by x1qhh985 x14e42zd x9f619 x1ypdohk xt0psk2 xe8uvvx xdj266r x14z9mp xat24cr x1lziwak xexx8yu xyri2b x18d9i69 x1c1uobl x16tdsg8 x1hl2dhg xggy1nq x1a2a7pz  _aa9_ _a6hd\" tabindex=\"0\" role=\"link\" href=\"https:\/\/www.instagram.com\/explore\/tags\/ldmnoticias\/\">#LDMnoticias<\/a>\u00a0<a class=\"x1i10hfl xjbqb8w x1ejq31n x18oe1m7 x1sy0etr xstzfhl x972fbf x10w94by x1qhh985 x14e42zd x9f619 x1ypdohk xt0psk2 xe8uvvx xdj266r x14z9mp xat24cr x1lziwak xexx8yu xyri2b x18d9i69 x1c1uobl x16tdsg8 x1hl2dhg xggy1nq x1a2a7pz  _aa9_ _a6hd\" tabindex=\"0\" role=\"link\" href=\"https:\/\/www.instagram.com\/explore\/tags\/lodelmomentolojaldm\/\">#lodelmomentolojaLDM<\/a><\/p>\n","protected":false},"excerpt":{"rendered":"<p>\ud83c\udfe5\u2695\ufe0f\ud83d\udc68\ud83c\udffb\u200d\u2695\ufe0f\u00a1Nuevo al cargo! El lojano (oriundo de Macar\u00e1) Dr. Andr\u00e9s Benjam\u00edn Celi Cuje fue designado&#8230;<\/p>\n","protected":false},"author":1,"featured_media":26824,"comment_status":"open","ping_status":"open","sticky":false,"template":"","format":"standard","meta":{"footnotes":""},"categories":[7,1,5],"tags":[],"class_list":["post-26823","post","type-post","status-publish","format-standard","has-post-thumbnail","hentry","category-ecuador","category-inicio","category-loja"],"_links":{"self":[{"href":"https:\/\/www.lodelmomentoloja.com\/index.php?rest_route=\/wp\/v2\/posts\/26823"}],"collection":[{"href":"https:\/\/www.lodelmomentoloja.com\/index.php?rest_route=\/wp\/v2\/posts"}],"about":[{"href":"https:\/\/www.lodelmomentoloja.com\/index.php?rest_route=\/wp\/v2\/types\/post"}],"author":[{"embeddable":true,"href":"https:\/\/www.lodelmomentoloja.com\/index.php?rest_route=\/wp\/v2\/users\/1"}],"replies":[{"embeddable":true,"href":"https:\/\/www.lodelmomentoloja.com\/index.php?rest_route=%2Fwp%2Fv2%2Fcomments&post=26823"}],"version-history":[{"count":1,"href":"https:\/\/www.lodelmomentoloja.com\/index.php?rest_route=\/wp\/v2\/posts\/26823\/revisions"}],"predecessor-version":[{"id":26825,"href":"https:\/\/www.lodelmomentoloja.com\/index.php?rest_route=\/wp\/v2\/posts\/26823\/revisions\/26825"}],"wp:featuredmedia":[{"embeddable":true,"href":"https:\/\/www.lodelmomentoloja.com\/index.php?rest_route=\/wp\/v2\/media\/26824"}],"wp:attachment":[{"href":"https:\/\/www.lodelmomentoloja.com\/index.php?rest_route=%2Fwp%2Fv2%2Fmedia&parent=26823"}],"wp:term":[{"taxonomy":"category","embeddable":true,"href":"https:\/\/www.lodelmomentoloja.com\/index.php?rest_route=%2Fwp%2Fv2%2Fcategories&post=26823"},{"taxonomy":"post_tag","embeddable":true,"href":"https:\/\/www.lodelmomentoloja.com\/index.php?rest_route=%2Fwp%2Fv2%2Ftags&post=26823"}],"curies":[{"name":"wp","href":"https:\/\/api.w.org\/{rel}","templated":true}]}}