{"id":26819,"date":"2025-07-09T08:29:15","date_gmt":"2025-07-09T08:29:15","guid":{"rendered":"https:\/\/www.lodelmomentoloja.com\/?p=26819"},"modified":"2025-07-09T14:31:39","modified_gmt":"2025-07-09T14:31:39","slug":"estados-unidos-presentan-solicitud-de-extradicion-de-alias-fito","status":"publish","type":"post","link":"https:\/\/www.lodelmomentoloja.com\/?p=26819","title":{"rendered":"ESTADOS UNIDOS PRESENTAN SOLICITUD DE EXTRADICI\u00d2N DE ALIAS &#8216;FITO&#8217;"},"content":{"rendered":"<p>\ud83c\uddfa\ud83c\uddf8\ud83d\udccb\ud83c\uddea\ud83c\udde8\u00a1El futuro de FITO! Mediante un comunicado oficial emitido por la Corte Nacional, se informa que Estados Unidos a trav\u00e9s del Ministerio de Relaciones Exteriores y Movilidad Humana present\u00f3 al presidente de la Corte Nacional de Justicia, Dr. Jos\u00e9 Suing Nagua, el pedido formal de extradici\u00f3n del ciudadano Jos\u00e9 Adolfo Mac\u00edas Villamar, quien es requerido por la justicia del pa\u00eds norteamericano.<\/p>\n<p><img loading=\"lazy\" decoding=\"async\" class=\"alignnone size-medium wp-image-26821\" src=\"http:\/\/www.lodelmomentoloja.com\/wp-content\/uploads\/2025\/07\/WhatsApp-Image-2025-07-09-at-08.25.40-300x300.jpeg\" alt=\"\" width=\"300\" height=\"300\" srcset=\"https:\/\/www.lodelmomentoloja.com\/wp-content\/uploads\/2025\/07\/WhatsApp-Image-2025-07-09-at-08.25.40-300x300.jpeg 300w, https:\/\/www.lodelmomentoloja.com\/wp-content\/uploads\/2025\/07\/WhatsApp-Image-2025-07-09-at-08.25.40-1024x1024.jpeg 1024w, https:\/\/www.lodelmomentoloja.com\/wp-content\/uploads\/2025\/07\/WhatsApp-Image-2025-07-09-at-08.25.40-150x150.jpeg 150w, https:\/\/www.lodelmomentoloja.com\/wp-content\/uploads\/2025\/07\/WhatsApp-Image-2025-07-09-at-08.25.40-768x768.jpeg 768w, https:\/\/www.lodelmomentoloja.com\/wp-content\/uploads\/2025\/07\/WhatsApp-Image-2025-07-09-at-08.25.40-640x640.jpeg 640w, https:\/\/www.lodelmomentoloja.com\/wp-content\/uploads\/2025\/07\/WhatsApp-Image-2025-07-09-at-08.25.40-1536x1536.jpeg 1536w, https:\/\/www.lodelmomentoloja.com\/wp-content\/uploads\/2025\/07\/WhatsApp-Image-2025-07-09-at-08.25.40-560x560.jpeg 560w, https:\/\/www.lodelmomentoloja.com\/wp-content\/uploads\/2025\/07\/WhatsApp-Image-2025-07-09-at-08.25.40.jpeg 1600w\" sizes=\"(max-width: 300px) 100vw, 300px\" \/><\/p>\n<p>El proceso de extradici\u00f3n pasiva se tramitar\u00e1 de conformidad con el ordenamiento jur\u00eddico ecuatoriano.<\/p>\n<p>Seg\u00fan se determina en el art\u00edculo 199.3 del C\u00f3digo Org\u00e1nico de la Funci\u00f3n Judicial el presidente de la Corte Nacional de Justicia es la autoridad central competente en materia de extradici\u00f3n.<\/p>\n<p>\ud83c\udf10\u2705 S\u00edguenos en nuestra p\u00e1gina verificada: https:\/\/www.facebook.com\/lodelmomentolojaEC<\/p>\n<p>www.lodelmomentoloja.com<br \/>\n<a class=\"x1i10hfl xjbqb8w x1ejq31n x18oe1m7 x1sy0etr xstzfhl x972fbf x10w94by x1qhh985 x14e42zd x9f619 x1ypdohk xt0psk2 xe8uvvx xdj266r x14z9mp xat24cr x1lziwak xexx8yu xyri2b x18d9i69 x1c1uobl x16tdsg8 x1hl2dhg xggy1nq x1a2a7pz  _aa9_ _a6hd\" tabindex=\"0\" role=\"link\" href=\"https:\/\/www.instagram.com\/explore\/tags\/ldmnoticias\/\">#LDMnoticias<\/a>\u00a0<a class=\"x1i10hfl xjbqb8w x1ejq31n x18oe1m7 x1sy0etr xstzfhl x972fbf x10w94by x1qhh985 x14e42zd x9f619 x1ypdohk xt0psk2 xe8uvvx xdj266r x14z9mp xat24cr x1lziwak xexx8yu xyri2b x18d9i69 x1c1uobl x16tdsg8 x1hl2dhg xggy1nq x1a2a7pz  _aa9_ _a6hd\" tabindex=\"0\" role=\"link\" href=\"https:\/\/www.instagram.com\/explore\/tags\/lodelmomentolojaldm\/\">#lodelmomentolojaLDM<\/a><\/p>\n","protected":false},"excerpt":{"rendered":"<p>\ud83c\uddfa\ud83c\uddf8\ud83d\udccb\ud83c\uddea\ud83c\udde8\u00a1El futuro de FITO! Mediante un comunicado oficial emitido por la Corte Nacional, se informa&#8230;<\/p>\n","protected":false},"author":1,"featured_media":26820,"comment_status":"open","ping_status":"open","sticky":false,"template":"","format":"standard","meta":{"footnotes":""},"categories":[7,1,4],"tags":[],"class_list":["post-26819","post","type-post","status-publish","format-standard","has-post-thumbnail","hentry","category-ecuador","category-inicio","category-internacional"],"_links":{"self":[{"href":"https:\/\/www.lodelmomentoloja.com\/index.php?rest_route=\/wp\/v2\/posts\/26819"}],"collection":[{"href":"https:\/\/www.lodelmomentoloja.com\/index.php?rest_route=\/wp\/v2\/posts"}],"about":[{"href":"https:\/\/www.lodelmomentoloja.com\/index.php?rest_route=\/wp\/v2\/types\/post"}],"author":[{"embeddable":true,"href":"https:\/\/www.lodelmomentoloja.com\/index.php?rest_route=\/wp\/v2\/users\/1"}],"replies":[{"embeddable":true,"href":"https:\/\/www.lodelmomentoloja.com\/index.php?rest_route=%2Fwp%2Fv2%2Fcomments&post=26819"}],"version-history":[{"count":1,"href":"https:\/\/www.lodelmomentoloja.com\/index.php?rest_route=\/wp\/v2\/posts\/26819\/revisions"}],"predecessor-version":[{"id":26822,"href":"https:\/\/www.lodelmomentoloja.com\/index.php?rest_route=\/wp\/v2\/posts\/26819\/revisions\/26822"}],"wp:featuredmedia":[{"embeddable":true,"href":"https:\/\/www.lodelmomentoloja.com\/index.php?rest_route=\/wp\/v2\/media\/26820"}],"wp:attachment":[{"href":"https:\/\/www.lodelmomentoloja.com\/index.php?rest_route=%2Fwp%2Fv2%2Fmedia&parent=26819"}],"wp:term":[{"taxonomy":"category","embeddable":true,"href":"https:\/\/www.lodelmomentoloja.com\/index.php?rest_route=%2Fwp%2Fv2%2Fcategories&post=26819"},{"taxonomy":"post_tag","embeddable":true,"href":"https:\/\/www.lodelmomentoloja.com\/index.php?rest_route=%2Fwp%2Fv2%2Ftags&post=26819"}],"curies":[{"name":"wp","href":"https:\/\/api.w.org\/{rel}","templated":true}]}}