{"id":26810,"date":"2025-07-08T12:39:33","date_gmt":"2025-07-08T12:39:33","guid":{"rendered":"https:\/\/www.lodelmomentoloja.com\/?p=26810"},"modified":"2025-07-08T20:12:17","modified_gmt":"2025-07-08T20:12:17","slug":"adolescente-extranjera-victima-de-trata-fue-rescatada-en-guayaquil","status":"publish","type":"post","link":"https:\/\/www.lodelmomentoloja.com\/?p=26810","title":{"rendered":"ADOLESCENTE EXTRANJERA V\u00cdCTIMA DE TRATA FUE RESCATADA EN GUAYAQUIL"},"content":{"rendered":"<p>\ud83d\ude31\ud83e\udec2\u2708\ufe0f\u00a1Puesta a buen recaudo! Una adolescente de nacionalidad paname\u00f1a, v\u00edct1m4 de trata de personas, que habr\u00eda sido trasladada a Ecuador con \u201cfines de explotaci\u00f3n\u201d fue identificada y rescatada en el Aeropuerto de Guayaquil, seg\u00fan inform\u00f3 el Ministerio del Interior. Funcionarios de la Subsecretar\u00eda de Migraci\u00f3n presentes en el Aeropuerto la pusieron bajo cuidado y a buen recaudo, adem\u00e1s autoridades competentes han iniciado investigaciones para dar con el paradero de los autores.<\/p>\n<p>\ud83c\udf10\u2705 S\u00edguenos en nuestra p\u00e1gina verificada: https:\/\/www.facebook.com\/lodelmomentolojaEC<\/p>\n<p>www.lodelmomentoloja.com<br \/>\n<a class=\"x1i10hfl xjbqb8w x1ejq31n x18oe1m7 x1sy0etr xstzfhl x972fbf x10w94by x1qhh985 x14e42zd x9f619 x1ypdohk xt0psk2 xe8uvvx xdj266r x14z9mp xat24cr x1lziwak xexx8yu xyri2b x18d9i69 x1c1uobl x16tdsg8 x1hl2dhg xggy1nq x1a2a7pz  _aa9_ _a6hd\" tabindex=\"0\" role=\"link\" href=\"https:\/\/www.instagram.com\/explore\/tags\/ldmnoticias\/\">#LDMnoticias<\/a>\u00a0<a class=\"x1i10hfl xjbqb8w x1ejq31n x18oe1m7 x1sy0etr xstzfhl x972fbf x10w94by x1qhh985 x14e42zd x9f619 x1ypdohk xt0psk2 xe8uvvx xdj266r x14z9mp xat24cr x1lziwak xexx8yu xyri2b x18d9i69 x1c1uobl x16tdsg8 x1hl2dhg xggy1nq x1a2a7pz  _aa9_ _a6hd\" tabindex=\"0\" role=\"link\" href=\"https:\/\/www.instagram.com\/explore\/tags\/lodelmomentolojaldm\/\">#lodelmomentolojaLDM<\/a><\/p>\n","protected":false},"excerpt":{"rendered":"<p>\ud83d\ude31\ud83e\udec2\u2708\ufe0f\u00a1Puesta a buen recaudo! Una adolescente de nacionalidad paname\u00f1a, v\u00edct1m4 de trata de personas, que&#8230;<\/p>\n","protected":false},"author":1,"featured_media":26811,"comment_status":"open","ping_status":"open","sticky":false,"template":"","format":"standard","meta":{"footnotes":""},"categories":[7,1,5],"tags":[],"class_list":["post-26810","post","type-post","status-publish","format-standard","has-post-thumbnail","hentry","category-ecuador","category-inicio","category-loja"],"_links":{"self":[{"href":"https:\/\/www.lodelmomentoloja.com\/index.php?rest_route=\/wp\/v2\/posts\/26810"}],"collection":[{"href":"https:\/\/www.lodelmomentoloja.com\/index.php?rest_route=\/wp\/v2\/posts"}],"about":[{"href":"https:\/\/www.lodelmomentoloja.com\/index.php?rest_route=\/wp\/v2\/types\/post"}],"author":[{"embeddable":true,"href":"https:\/\/www.lodelmomentoloja.com\/index.php?rest_route=\/wp\/v2\/users\/1"}],"replies":[{"embeddable":true,"href":"https:\/\/www.lodelmomentoloja.com\/index.php?rest_route=%2Fwp%2Fv2%2Fcomments&post=26810"}],"version-history":[{"count":1,"href":"https:\/\/www.lodelmomentoloja.com\/index.php?rest_route=\/wp\/v2\/posts\/26810\/revisions"}],"predecessor-version":[{"id":26812,"href":"https:\/\/www.lodelmomentoloja.com\/index.php?rest_route=\/wp\/v2\/posts\/26810\/revisions\/26812"}],"wp:featuredmedia":[{"embeddable":true,"href":"https:\/\/www.lodelmomentoloja.com\/index.php?rest_route=\/wp\/v2\/media\/26811"}],"wp:attachment":[{"href":"https:\/\/www.lodelmomentoloja.com\/index.php?rest_route=%2Fwp%2Fv2%2Fmedia&parent=26810"}],"wp:term":[{"taxonomy":"category","embeddable":true,"href":"https:\/\/www.lodelmomentoloja.com\/index.php?rest_route=%2Fwp%2Fv2%2Fcategories&post=26810"},{"taxonomy":"post_tag","embeddable":true,"href":"https:\/\/www.lodelmomentoloja.com\/index.php?rest_route=%2Fwp%2Fv2%2Ftags&post=26810"}],"curies":[{"name":"wp","href":"https:\/\/api.w.org\/{rel}","templated":true}]}}