{"id":26793,"date":"2025-07-07T15:20:14","date_gmt":"2025-07-07T15:20:14","guid":{"rendered":"https:\/\/www.lodelmomentoloja.com\/?p=26793"},"modified":"2025-07-07T20:33:35","modified_gmt":"2025-07-07T20:33:35","slug":"loja-es-declarado-en-emergencia-debido-a-los-danos-provocados-por-las-lluvias","status":"publish","type":"post","link":"https:\/\/www.lodelmomentoloja.com\/?p=26793","title":{"rendered":"Loja es declarado en emergencia debido a los da\u00f1os provocados por las lluvias"},"content":{"rendered":"<p><img loading=\"lazy\" decoding=\"async\" class=\"alignnone size-medium wp-image-26795\" src=\"http:\/\/www.lodelmomentoloja.com\/wp-content\/uploads\/2025\/07\/WhatsApp-Image-2025-07-07-at-3.18.33-PM-1-300x169.jpeg\" alt=\"\" width=\"300\" height=\"169\" srcset=\"https:\/\/www.lodelmomentoloja.com\/wp-content\/uploads\/2025\/07\/WhatsApp-Image-2025-07-07-at-3.18.33-PM-1-300x169.jpeg 300w, https:\/\/www.lodelmomentoloja.com\/wp-content\/uploads\/2025\/07\/WhatsApp-Image-2025-07-07-at-3.18.33-PM-1-1024x576.jpeg 1024w, https:\/\/www.lodelmomentoloja.com\/wp-content\/uploads\/2025\/07\/WhatsApp-Image-2025-07-07-at-3.18.33-PM-1-768x432.jpeg 768w, https:\/\/www.lodelmomentoloja.com\/wp-content\/uploads\/2025\/07\/WhatsApp-Image-2025-07-07-at-3.18.33-PM-1-640x360.jpeg 640w, https:\/\/www.lodelmomentoloja.com\/wp-content\/uploads\/2025\/07\/WhatsApp-Image-2025-07-07-at-3.18.33-PM-1-1536x864.jpeg 1536w, https:\/\/www.lodelmomentoloja.com\/wp-content\/uploads\/2025\/07\/WhatsApp-Image-2025-07-07-at-3.18.33-PM-1.jpeg 1600w\" sizes=\"(max-width: 300px) 100vw, 300px\" \/><\/p>\n<p>El cant\u00f3n Loja nuevamente fue declarado en emergencia, por decisi\u00f3n un\u00e1nime del COE Cantonal, debido a los estragos provocados por la temporada invernal.<\/p>\n<p>La resoluci\u00f3n fue adoptada luego de un an\u00e1lisis t\u00e9cnico y social de la situaci\u00f3n actual del cant\u00f3n a causa de deslizamientos de tierra, da\u00f1os en las v\u00edas y en el sistema de agua potable registrados en varios puntos de la ciudad.<\/p>\n<p>A criterio del prefecto, Mario Mancino existe grandes da\u00f1os en la infraestructura vial que supera la capacidad de respuesta de las entidades p\u00fablicas.<\/p>\n<div style=\"width: 640px;\" class=\"wp-video\"><!--[if lt IE 9]><script>document.createElement('video');<\/script><![endif]-->\n<video class=\"wp-video-shortcode\" id=\"video-26793-1\" width=\"640\" height=\"360\" preload=\"metadata\" controls=\"controls\"><source type=\"video\/mp4\" src=\"http:\/\/www.lodelmomentoloja.com\/wp-content\/uploads\/2025\/07\/LOJA-EN-EMERGENCIA-REDUCIDO.mp4?_=1\" \/><a href=\"http:\/\/www.lodelmomentoloja.com\/wp-content\/uploads\/2025\/07\/LOJA-EN-EMERGENCIA-REDUCIDO.mp4\">http:\/\/www.lodelmomentoloja.com\/wp-content\/uploads\/2025\/07\/LOJA-EN-EMERGENCIA-REDUCIDO.mp4<\/a><\/video><\/div>\n<p>El COE Cantonal aprob\u00f3 la siguiente resoluci\u00f3n:<br \/>\n&#8211; Mantener en sesi\u00f3n permanente para evaluar los da\u00f1os<br \/>\n&#8211; Solicitar apoyo de las FF.AA., Polic\u00eda Nacional y Cuerpo de Bomberos para el control de las zonas afectadas, evacuaciones preventivas y asistencia.<br \/>\n&#8211; Gestionar donaciones y apoyo a las personas damnificadas.<br \/>\n&#8211; Solicitar al Gobierno Provincial la rehabilitaci\u00f3n de la vialidad rural.<br \/>\n&#8211; Solicitar al MTOP su intervenci\u00f3n para la evaluaci\u00f3n y reparaci\u00f3n de v\u00edas, puentes y derrumbes.<br \/>\n&#8211; As\u00ed como gestionar a la Gobernaci\u00f3n de Loja ante el Gobierno Nacional para la entrega de recursos necesarios para atender la emergencia.<\/p>\n<p>Una de las grandes problem\u00e1ticas es la falta de agua a cerca del 70% de la poblaci\u00f3n, a lo que el alcalde Franco Quezada hizo algunos pedidos.<\/p>\n<p>Adem\u00e1s, el burgomaestre se\u00f1al\u00f3 que las \u00faltimas lluvias produjeron afectaciones en m\u00faltiples puentes en el r\u00edo Zamora y Malacatos con fisuras por asentamientos y socavaciones.<\/p>\n<p>Esta es la segunda ocasi\u00f3n en que el cant\u00f3n es declarado en estado de emergencia por la presencia de lluvias, recordemos que meses atr\u00e1s Loja se vio gravemente afectada por las inundaciones en el casco c\u00e9ntrico, incluso el desbordamiento de los r\u00edos produjo el colapso de puentes, pero las lluvias tambi\u00e9n afectaron a los cantones aleda\u00f1os por lo que el Gobierno Nacional declar\u00f3 el estado de emergencia en toda la provincia.<\/p>\n<p>\ud83c\udf10\u2705 S\u00edguenos en nuestra p\u00e1gina verificada: https:\/\/www.facebook.com\/lodelmomentolojaEC<\/p>\n<p>www.lodelmomentoloja.com<br \/>\n#LDMnoticias #lodelmomentolojaLDM<\/p>\n","protected":false},"excerpt":{"rendered":"<p>El cant\u00f3n Loja nuevamente fue declarado en emergencia, por decisi\u00f3n un\u00e1nime del COE Cantonal, debido&#8230;<\/p>\n","protected":false},"author":1,"featured_media":26796,"comment_status":"open","ping_status":"open","sticky":false,"template":"","format":"standard","meta":{"footnotes":""},"categories":[7,1,5],"tags":[],"class_list":["post-26793","post","type-post","status-publish","format-standard","has-post-thumbnail","hentry","category-ecuador","category-inicio","category-loja"],"_links":{"self":[{"href":"https:\/\/www.lodelmomentoloja.com\/index.php?rest_route=\/wp\/v2\/posts\/26793"}],"collection":[{"href":"https:\/\/www.lodelmomentoloja.com\/index.php?rest_route=\/wp\/v2\/posts"}],"about":[{"href":"https:\/\/www.lodelmomentoloja.com\/index.php?rest_route=\/wp\/v2\/types\/post"}],"author":[{"embeddable":true,"href":"https:\/\/www.lodelmomentoloja.com\/index.php?rest_route=\/wp\/v2\/users\/1"}],"replies":[{"embeddable":true,"href":"https:\/\/www.lodelmomentoloja.com\/index.php?rest_route=%2Fwp%2Fv2%2Fcomments&post=26793"}],"version-history":[{"count":1,"href":"https:\/\/www.lodelmomentoloja.com\/index.php?rest_route=\/wp\/v2\/posts\/26793\/revisions"}],"predecessor-version":[{"id":26797,"href":"https:\/\/www.lodelmomentoloja.com\/index.php?rest_route=\/wp\/v2\/posts\/26793\/revisions\/26797"}],"wp:featuredmedia":[{"embeddable":true,"href":"https:\/\/www.lodelmomentoloja.com\/index.php?rest_route=\/wp\/v2\/media\/26796"}],"wp:attachment":[{"href":"https:\/\/www.lodelmomentoloja.com\/index.php?rest_route=%2Fwp%2Fv2%2Fmedia&parent=26793"}],"wp:term":[{"taxonomy":"category","embeddable":true,"href":"https:\/\/www.lodelmomentoloja.com\/index.php?rest_route=%2Fwp%2Fv2%2Fcategories&post=26793"},{"taxonomy":"post_tag","embeddable":true,"href":"https:\/\/www.lodelmomentoloja.com\/index.php?rest_route=%2Fwp%2Fv2%2Ftags&post=26793"}],"curies":[{"name":"wp","href":"https:\/\/api.w.org\/{rel}","templated":true}]}}