{"id":26771,"date":"2025-07-07T09:00:49","date_gmt":"2025-07-07T09:00:49","guid":{"rendered":"https:\/\/www.lodelmomentoloja.com\/?p=26771"},"modified":"2025-07-07T14:14:20","modified_gmt":"2025-07-07T14:14:20","slug":"gremios-marcharan-en-rechazo-a-las-leyes-de-daniel-noboa","status":"publish","type":"post","link":"https:\/\/www.lodelmomentoloja.com\/?p=26771","title":{"rendered":"GREMIOS MARCHAR\u00c1N EN RECHAZO A LAS LEYES DE DANIEL NOBOA"},"content":{"rendered":"<p>\ud83d\ude31\ud83d\udea9\ud83d\udc65\u00a1Saldr\u00e1n a las calles! Los sindicalistas en Ecuador mantienen su rechazo a las leyes aprobadas por la Asamblea Nacional. Se prev\u00e9 que las manifestaciones callejeras se realicen a nivel nacional en los pr\u00f3ximos\u00a011 y 16 de julio. Estas protestas estar\u00e1n encabezadas por el Frente Unitario de Trabajadores (FUT), Frente Popular, Uni\u00f3n Nacional de Educadores (UNE), Federaci\u00f3n de Estudiantes Universitarios (FEUE) y Federaci\u00f3n de Estudiantes Universitarios del Ecuador (FEUE).<\/p>\n<p>Seg\u00fan inform\u00f3 Andr\u00e9s Quishpe, de la UNE, la protesta del 11 de julio partir\u00e1 a las 09:00 desde la Casa del Maestro,\u00a0avenida Asc\u00e1zubi y 9 de octubre, en Quito.\u00a0La manifestaci\u00f3n, seg\u00fan informaron, estar\u00e1 enfocada en cinco ejes principales: Declaraci\u00f3n de inconstitucionalidad de la Ley de Integridad P\u00fablica, Revisi\u00f3n reglamentaria de la LOIP, Emergencia educativa, Presupuesto social, Defensa de la educaci\u00f3n p\u00fablica.<\/p>\n<p>Por otro lado, Nery Padilla, de la FEUE, confirm\u00f3 una jornada de movilizaciones para el 16 de julio a nivel nacional en reclamo por una supuesta deuda de USD 712\u202fmillones a universidades p\u00fablicas, deterioro de infraestructura, falta de becas, reformas a la LOES, estabilidad laboral, pr\u00e1cticas remuneradas y presupuesto adecuado.<\/p>\n<p>\ud83c\udf10\u2705 S\u00edguenos en nuestra p\u00e1gina verificada: https:\/\/www.facebook.com\/lodelmomentolojaEC<\/p>\n<p>www.lodelmomentoloja.com<br \/>\n#LDMnoticias #lodelmomentolojaLDM<\/p>\n","protected":false},"excerpt":{"rendered":"<p>\ud83d\ude31\ud83d\udea9\ud83d\udc65\u00a1Saldr\u00e1n a las calles! Los sindicalistas en Ecuador mantienen su rechazo a las leyes aprobadas&#8230;<\/p>\n","protected":false},"author":1,"featured_media":26772,"comment_status":"open","ping_status":"open","sticky":false,"template":"","format":"standard","meta":{"footnotes":""},"categories":[7,1,5],"tags":[],"class_list":["post-26771","post","type-post","status-publish","format-standard","has-post-thumbnail","hentry","category-ecuador","category-inicio","category-loja"],"_links":{"self":[{"href":"https:\/\/www.lodelmomentoloja.com\/index.php?rest_route=\/wp\/v2\/posts\/26771"}],"collection":[{"href":"https:\/\/www.lodelmomentoloja.com\/index.php?rest_route=\/wp\/v2\/posts"}],"about":[{"href":"https:\/\/www.lodelmomentoloja.com\/index.php?rest_route=\/wp\/v2\/types\/post"}],"author":[{"embeddable":true,"href":"https:\/\/www.lodelmomentoloja.com\/index.php?rest_route=\/wp\/v2\/users\/1"}],"replies":[{"embeddable":true,"href":"https:\/\/www.lodelmomentoloja.com\/index.php?rest_route=%2Fwp%2Fv2%2Fcomments&post=26771"}],"version-history":[{"count":2,"href":"https:\/\/www.lodelmomentoloja.com\/index.php?rest_route=\/wp\/v2\/posts\/26771\/revisions"}],"predecessor-version":[{"id":26774,"href":"https:\/\/www.lodelmomentoloja.com\/index.php?rest_route=\/wp\/v2\/posts\/26771\/revisions\/26774"}],"wp:featuredmedia":[{"embeddable":true,"href":"https:\/\/www.lodelmomentoloja.com\/index.php?rest_route=\/wp\/v2\/media\/26772"}],"wp:attachment":[{"href":"https:\/\/www.lodelmomentoloja.com\/index.php?rest_route=%2Fwp%2Fv2%2Fmedia&parent=26771"}],"wp:term":[{"taxonomy":"category","embeddable":true,"href":"https:\/\/www.lodelmomentoloja.com\/index.php?rest_route=%2Fwp%2Fv2%2Fcategories&post=26771"},{"taxonomy":"post_tag","embeddable":true,"href":"https:\/\/www.lodelmomentoloja.com\/index.php?rest_route=%2Fwp%2Fv2%2Ftags&post=26771"}],"curies":[{"name":"wp","href":"https:\/\/api.w.org\/{rel}","templated":true}]}}