{"id":26741,"date":"2025-07-01T17:20:34","date_gmt":"2025-07-01T17:20:34","guid":{"rendered":"https:\/\/www.lodelmomentoloja.com\/?p=26741"},"modified":"2025-07-01T22:29:43","modified_gmt":"2025-07-01T22:29:43","slug":"trabajadores-mies-firman-contrato-colectivo-con-defensa-de-abogado-lojano","status":"publish","type":"post","link":"https:\/\/www.lodelmomentoloja.com\/?p=26741","title":{"rendered":"TRABAJADORES MIES FIRMAN CONTRATO COLECTIVO CON DEFENSA DE ABOGADO LOJANO"},"content":{"rendered":"<p>Este 26 de junio 2025 en el auditorio del SECAP en la ciudad de Quito, se procedi\u00f3 a darse el magno evento donde de la suscripci\u00f3n del Quinto Contrato Colectivo entre el Comit\u00e9 \u00danico de Trabajadores del Ministerio de Inclusi\u00f3n Econ\u00f3mica y Social con su empleador el Ministerio de Inclusi\u00f3n Econ\u00f3mica y Social; con la firma de este instrumento jur\u00eddico se benefician 449 trabajadores y trabajadoras a nivel nacional de esta cartera de estado del ejecutivo.<\/p>\n<p><a href=\"https:\/\/x.com\/inclusionec\/status\/1938380150745534545?s=46\">https:\/\/x.com\/inclusionec\/status\/1938380150745534545?s=46<\/a><\/p>\n<p><img loading=\"lazy\" decoding=\"async\" class=\"alignnone size-medium wp-image-26744\" src=\"http:\/\/www.lodelmomentoloja.com\/wp-content\/uploads\/2025\/07\/WhatsApp-Image-2025-07-01-at-4.39.16-PM-266x300.jpeg\" alt=\"\" width=\"266\" height=\"300\" srcset=\"https:\/\/www.lodelmomentoloja.com\/wp-content\/uploads\/2025\/07\/WhatsApp-Image-2025-07-01-at-4.39.16-PM-266x300.jpeg 266w, https:\/\/www.lodelmomentoloja.com\/wp-content\/uploads\/2025\/07\/WhatsApp-Image-2025-07-01-at-4.39.16-PM-906x1024.jpeg 906w, https:\/\/www.lodelmomentoloja.com\/wp-content\/uploads\/2025\/07\/WhatsApp-Image-2025-07-01-at-4.39.16-PM-768x868.jpeg 768w, https:\/\/www.lodelmomentoloja.com\/wp-content\/uploads\/2025\/07\/WhatsApp-Image-2025-07-01-at-4.39.16-PM-640x723.jpeg 640w, https:\/\/www.lodelmomentoloja.com\/wp-content\/uploads\/2025\/07\/WhatsApp-Image-2025-07-01-at-4.39.16-PM-1359x1536.jpeg 1359w, https:\/\/www.lodelmomentoloja.com\/wp-content\/uploads\/2025\/07\/WhatsApp-Image-2025-07-01-at-4.39.16-PM-1024x1157.jpeg 1024w, https:\/\/www.lodelmomentoloja.com\/wp-content\/uploads\/2025\/07\/WhatsApp-Image-2025-07-01-at-4.39.16-PM.jpeg 1416w\" sizes=\"(max-width: 266px) 100vw, 266px\" \/><\/p>\n<p>En este evento de gran importancia para la clase trabajadora, cont\u00f3 con la presencia de los ministros Abg. Harold Burbano, del MIES, y Abg. Ivonne N\u00fa\u00f1ez del Ministerio de Trabajo. En particular, tambi\u00e9n cont\u00f3 con el Abg. Fernando Mois\u00e9s Ochoa Montero, profesional que represent\u00f3 en todo este acto administrativo de bastante relevancia a nivel nacional, haciendo prevalecer los derechos de todos los trabajadores\/as bajo r\u00e9gimen C\u00d3DIGO DEL TRABAJO del Ministerio de Inclusi\u00f3n Econ\u00f3mica y Social, dejando en alto el nombre de LOJA como jurista de la ciudad y provincia de Loja.<\/p>\n<p><img loading=\"lazy\" decoding=\"async\" class=\"alignnone size-medium wp-image-26743\" src=\"http:\/\/www.lodelmomentoloja.com\/wp-content\/uploads\/2025\/07\/WhatsApp-Image-2025-07-01-at-4.39.16-PM-1-266x300.jpeg\" alt=\"\" width=\"266\" height=\"300\" srcset=\"https:\/\/www.lodelmomentoloja.com\/wp-content\/uploads\/2025\/07\/WhatsApp-Image-2025-07-01-at-4.39.16-PM-1-266x300.jpeg 266w, https:\/\/www.lodelmomentoloja.com\/wp-content\/uploads\/2025\/07\/WhatsApp-Image-2025-07-01-at-4.39.16-PM-1-906x1024.jpeg 906w, https:\/\/www.lodelmomentoloja.com\/wp-content\/uploads\/2025\/07\/WhatsApp-Image-2025-07-01-at-4.39.16-PM-1-768x868.jpeg 768w, https:\/\/www.lodelmomentoloja.com\/wp-content\/uploads\/2025\/07\/WhatsApp-Image-2025-07-01-at-4.39.16-PM-1-640x723.jpeg 640w, https:\/\/www.lodelmomentoloja.com\/wp-content\/uploads\/2025\/07\/WhatsApp-Image-2025-07-01-at-4.39.16-PM-1-1359x1536.jpeg 1359w, https:\/\/www.lodelmomentoloja.com\/wp-content\/uploads\/2025\/07\/WhatsApp-Image-2025-07-01-at-4.39.16-PM-1-1024x1157.jpeg 1024w, https:\/\/www.lodelmomentoloja.com\/wp-content\/uploads\/2025\/07\/WhatsApp-Image-2025-07-01-at-4.39.16-PM-1.jpeg 1416w\" sizes=\"(max-width: 266px) 100vw, 266px\" \/><\/p>\n<p>Un contrato colectivo de trabajo es un acuerdo formal entre uno o varios sindicatos de trabajadores y uno o varios empleadores, o sindicatos de empleadores, que establece las condiciones laborales para una o m\u00e1s empresas o establecimientos. Despu\u00e9s de 10 a\u00f1os el Comit\u00e9 \u00danico de Trabajadores del MIES logra suscribir un CONTRATO COLECTIVO que regula aspectos como salarios, jornadas, beneficios, derechos y obligaciones de ambas partes, buscando mejorar las condiciones de trabajo y proteger los derechos de los empleados; estas conquistas fueron logradas con el asesoramiento t\u00e9cnico de su abogado patrocinar Fernando Ochoa Montero.<\/p>\n<p>\ud83c\udf10\u2705 S\u00edguenos en nuestra p\u00e1gina verificada: https:\/\/www.facebook.com\/lodelmomentolojaEC<\/p>\n<p>www.lodelmomentoloja.com<br \/>\n#LDMnoticias #lodelmomentolojaLDM<\/p>\n","protected":false},"excerpt":{"rendered":"<p>Este 26 de junio 2025 en el auditorio del SECAP en la ciudad de Quito,&#8230;<\/p>\n","protected":false},"author":1,"featured_media":26742,"comment_status":"open","ping_status":"open","sticky":false,"template":"","format":"standard","meta":{"footnotes":""},"categories":[7,1,5],"tags":[],"class_list":["post-26741","post","type-post","status-publish","format-standard","has-post-thumbnail","hentry","category-ecuador","category-inicio","category-loja"],"_links":{"self":[{"href":"https:\/\/www.lodelmomentoloja.com\/index.php?rest_route=\/wp\/v2\/posts\/26741"}],"collection":[{"href":"https:\/\/www.lodelmomentoloja.com\/index.php?rest_route=\/wp\/v2\/posts"}],"about":[{"href":"https:\/\/www.lodelmomentoloja.com\/index.php?rest_route=\/wp\/v2\/types\/post"}],"author":[{"embeddable":true,"href":"https:\/\/www.lodelmomentoloja.com\/index.php?rest_route=\/wp\/v2\/users\/1"}],"replies":[{"embeddable":true,"href":"https:\/\/www.lodelmomentoloja.com\/index.php?rest_route=%2Fwp%2Fv2%2Fcomments&post=26741"}],"version-history":[{"count":1,"href":"https:\/\/www.lodelmomentoloja.com\/index.php?rest_route=\/wp\/v2\/posts\/26741\/revisions"}],"predecessor-version":[{"id":26745,"href":"https:\/\/www.lodelmomentoloja.com\/index.php?rest_route=\/wp\/v2\/posts\/26741\/revisions\/26745"}],"wp:featuredmedia":[{"embeddable":true,"href":"https:\/\/www.lodelmomentoloja.com\/index.php?rest_route=\/wp\/v2\/media\/26742"}],"wp:attachment":[{"href":"https:\/\/www.lodelmomentoloja.com\/index.php?rest_route=%2Fwp%2Fv2%2Fmedia&parent=26741"}],"wp:term":[{"taxonomy":"category","embeddable":true,"href":"https:\/\/www.lodelmomentoloja.com\/index.php?rest_route=%2Fwp%2Fv2%2Fcategories&post=26741"},{"taxonomy":"post_tag","embeddable":true,"href":"https:\/\/www.lodelmomentoloja.com\/index.php?rest_route=%2Fwp%2Fv2%2Ftags&post=26741"}],"curies":[{"name":"wp","href":"https:\/\/api.w.org\/{rel}","templated":true}]}}