{"id":26692,"date":"2025-06-27T09:30:38","date_gmt":"2025-06-27T09:30:38","guid":{"rendered":"https:\/\/www.lodelmomentoloja.com\/?p=26692"},"modified":"2025-06-27T14:50:04","modified_gmt":"2025-06-27T14:50:04","slug":"snayder-maquilon-fue-encontrado-sin-vida","status":"publish","type":"post","link":"https:\/\/www.lodelmomentoloja.com\/?p=26692","title":{"rendered":"SNAYDER MAQUIL\u00d3N FUE ENCONTRADO SIN VIDA"},"content":{"rendered":"<p>\ud83d\ude14\ud83d\udc66\ud83c\udffb\u271d\ufe0f\u00a1Hallado sin vida! Tras la d3s4p4r1c1on del peque\u00f1o\u00a0C\u00e9sar Snayder Maquil\u00f3n Riera, de 6 a\u00f1os, en\u00a0El Oro, el pasado 25 de junio del 2025, las autoridades ecuatorianas hab\u00edan\u00a0activado la\u00a0Alerta Emilia. El Ministerio del Interior dio a conocer el caso a trav\u00e9s de una publicaci\u00f3n en sus redes sociales, sin embargo la noche del jueves 26 de junio, la Fiscal\u00eda notific\u00f3 en sus redes sociales lo siguiente: &#8220;Lamentamos informar que, luego de la b\u00fasqueda correspondiente, el ni\u00f1o Snayder fue hallado sin v1d4&#8221;.<\/p>\n<p>El ni\u00f1o ten\u00eda un diagn\u00f3stico de autismo y hab\u00eda sido visto por \u00faltima vez en la parroquia Buenavista\u00a0del cant\u00f3n Pasaje, provincia de El Oro. Las autoridades investigan los hechos que condujeron a la tr4g3d14.<\/p>\n<p>\ud83c\udf10\u2705 S\u00edguenos en nuestra p\u00e1gina verificada: https:\/\/www.facebook.com\/lodelmomentolojaEC<\/p>\n<p>www.lodelmomentoloja.com<br \/>\n<a class=\"x1i10hfl xjbqb8w x1ejq31n x18oe1m7 x1sy0etr xstzfhl x972fbf x10w94by x1qhh985 x14e42zd x9f619 x1ypdohk xt0psk2 xe8uvvx xdj266r x14z9mp xat24cr x1lziwak xexx8yu xyri2b x18d9i69 x1c1uobl x16tdsg8 x1hl2dhg xggy1nq x1a2a7pz  _aa9_ _a6hd\" tabindex=\"0\" role=\"link\" href=\"https:\/\/www.instagram.com\/explore\/tags\/ldmnoticias\/\">#LDMnoticias<\/a>\u00a0<a class=\"x1i10hfl xjbqb8w x1ejq31n x18oe1m7 x1sy0etr xstzfhl x972fbf x10w94by x1qhh985 x14e42zd x9f619 x1ypdohk xt0psk2 xe8uvvx xdj266r x14z9mp xat24cr x1lziwak xexx8yu xyri2b x18d9i69 x1c1uobl x16tdsg8 x1hl2dhg xggy1nq x1a2a7pz  _aa9_ _a6hd\" tabindex=\"0\" role=\"link\" href=\"https:\/\/www.instagram.com\/explore\/tags\/lodelmomentolojaldm\/\">#lodelmomentolojaLDM<\/a><\/p>\n","protected":false},"excerpt":{"rendered":"<p>\ud83d\ude14\ud83d\udc66\ud83c\udffb\u271d\ufe0f\u00a1Hallado sin vida! Tras la d3s4p4r1c1on del peque\u00f1o\u00a0C\u00e9sar Snayder Maquil\u00f3n Riera, de 6 a\u00f1os, en\u00a0El&#8230;<\/p>\n","protected":false},"author":1,"featured_media":26693,"comment_status":"open","ping_status":"open","sticky":false,"template":"","format":"standard","meta":{"footnotes":""},"categories":[7,1],"tags":[],"class_list":["post-26692","post","type-post","status-publish","format-standard","has-post-thumbnail","hentry","category-ecuador","category-inicio"],"_links":{"self":[{"href":"https:\/\/www.lodelmomentoloja.com\/index.php?rest_route=\/wp\/v2\/posts\/26692"}],"collection":[{"href":"https:\/\/www.lodelmomentoloja.com\/index.php?rest_route=\/wp\/v2\/posts"}],"about":[{"href":"https:\/\/www.lodelmomentoloja.com\/index.php?rest_route=\/wp\/v2\/types\/post"}],"author":[{"embeddable":true,"href":"https:\/\/www.lodelmomentoloja.com\/index.php?rest_route=\/wp\/v2\/users\/1"}],"replies":[{"embeddable":true,"href":"https:\/\/www.lodelmomentoloja.com\/index.php?rest_route=%2Fwp%2Fv2%2Fcomments&post=26692"}],"version-history":[{"count":1,"href":"https:\/\/www.lodelmomentoloja.com\/index.php?rest_route=\/wp\/v2\/posts\/26692\/revisions"}],"predecessor-version":[{"id":26694,"href":"https:\/\/www.lodelmomentoloja.com\/index.php?rest_route=\/wp\/v2\/posts\/26692\/revisions\/26694"}],"wp:featuredmedia":[{"embeddable":true,"href":"https:\/\/www.lodelmomentoloja.com\/index.php?rest_route=\/wp\/v2\/media\/26693"}],"wp:attachment":[{"href":"https:\/\/www.lodelmomentoloja.com\/index.php?rest_route=%2Fwp%2Fv2%2Fmedia&parent=26692"}],"wp:term":[{"taxonomy":"category","embeddable":true,"href":"https:\/\/www.lodelmomentoloja.com\/index.php?rest_route=%2Fwp%2Fv2%2Fcategories&post=26692"},{"taxonomy":"post_tag","embeddable":true,"href":"https:\/\/www.lodelmomentoloja.com\/index.php?rest_route=%2Fwp%2Fv2%2Ftags&post=26692"}],"curies":[{"name":"wp","href":"https:\/\/api.w.org\/{rel}","templated":true}]}}