{"id":2669,"date":"2021-02-24T07:30:45","date_gmt":"2021-02-24T07:30:45","guid":{"rendered":"http:\/\/www.lodelmomentoloja.com\/?p=2669"},"modified":"2021-02-24T13:07:22","modified_gmt":"2021-02-24T13:07:22","slug":"cifra-de-muertos-ppl-asciende-a-79","status":"publish","type":"post","link":"https:\/\/www.lodelmomentoloja.com\/?p=2669","title":{"rendered":"CIFRA DE MUERTOS PPL ASCIENDE A 79"},"content":{"rendered":"<p>Mediante comunicado 24 de febrero del 2021, el Servicio Nacional de Atenci\u00f3n Integral de Personas Adultas Privadas de la Libertad y Adolescentes Infractores (SNAI), con respecto a los hechos de violencia registrados en\u00a0 varios centros penitenciarios del pa\u00eds, este martes 23 de febrero, inform\u00f3:<\/p>\n<p>Con acciones ejecutadas entre la instituci\u00f3n y la Polic\u00eda Nacional, la situaci\u00f3n en los centros de privaci\u00f3n de libertad (CPL) en Guayaquil, Azuay y Cotopaxi, se encuentra controlada.<\/p>\n<p>SNAI, contin\u00faa desarrollando el levantamiento de informaci\u00f3n de las p\u00e9rdidas humanas y dem\u00e1s aspectos relacionados con los enfrentamientos suscitados.<\/p>\n<p>&nbsp;<\/p>\n<p>Informaci\u00f3n registrada hasta el momento:<\/p>\n<ul>\n<li>CPL Azuay No 1: 34 personas fallecidas.<\/li>\n<li>CPL Guayas No 4: 31 personas fallecidas.<\/li>\n<li>CPL Cotopaxi No 1: 8 personas fallecidas.<\/li>\n<li>CPL Guayas No 1: 6 personas fallecidas.<\/li>\n<\/ul>\n<p><img loading=\"lazy\" decoding=\"async\" class=\"alignnone wp-image-2670 size-large\" src=\"http:\/\/www.lodelmomentoloja.com\/wp-content\/uploads\/2021\/02\/Eu_du1QXAAYsHET-1024x1024.jpg\" alt=\"\" width=\"640\" height=\"640\" srcset=\"https:\/\/www.lodelmomentoloja.com\/wp-content\/uploads\/2021\/02\/Eu_du1QXAAYsHET-1024x1024.jpg 1024w, https:\/\/www.lodelmomentoloja.com\/wp-content\/uploads\/2021\/02\/Eu_du1QXAAYsHET-300x300.jpg 300w, https:\/\/www.lodelmomentoloja.com\/wp-content\/uploads\/2021\/02\/Eu_du1QXAAYsHET-150x150.jpg 150w, https:\/\/www.lodelmomentoloja.com\/wp-content\/uploads\/2021\/02\/Eu_du1QXAAYsHET-768x768.jpg 768w, https:\/\/www.lodelmomentoloja.com\/wp-content\/uploads\/2021\/02\/Eu_du1QXAAYsHET-640x640.jpg 640w, https:\/\/www.lodelmomentoloja.com\/wp-content\/uploads\/2021\/02\/Eu_du1QXAAYsHET-50x50.jpg 50w, https:\/\/www.lodelmomentoloja.com\/wp-content\/uploads\/2021\/02\/Eu_du1QXAAYsHET.jpg 1280w\" sizes=\"(max-width: 640px) 100vw, 640px\" \/><\/p>\n<p>Mientras tanto, Patricio Carrillo, El Comandante General de la Polic\u00eda, manifest\u00f3: &#8220;Las manifestaciones de odio, venganza y crueldad expresadas hoy en las c\u00e1rceles del pa\u00eds, no son \u00fanicamente mensajes del crimen organizado, son tambi\u00e9n evidencias de la salud mental del sistema. La polic\u00eda reacciona, no tiene la competencia de readaptaci\u00f3n social de los penados&#8221;.<\/p>\n","protected":false},"excerpt":{"rendered":"<p>Mediante comunicado 24 de febrero del 2021, el Servicio Nacional de Atenci\u00f3n Integral de Personas&#8230;<\/p>\n","protected":false},"author":1,"featured_media":2671,"comment_status":"open","ping_status":"open","sticky":false,"template":"","format":"standard","meta":{"footnotes":""},"categories":[7,1],"tags":[],"class_list":["post-2669","post","type-post","status-publish","format-standard","has-post-thumbnail","hentry","category-ecuador","category-inicio"],"_links":{"self":[{"href":"https:\/\/www.lodelmomentoloja.com\/index.php?rest_route=\/wp\/v2\/posts\/2669"}],"collection":[{"href":"https:\/\/www.lodelmomentoloja.com\/index.php?rest_route=\/wp\/v2\/posts"}],"about":[{"href":"https:\/\/www.lodelmomentoloja.com\/index.php?rest_route=\/wp\/v2\/types\/post"}],"author":[{"embeddable":true,"href":"https:\/\/www.lodelmomentoloja.com\/index.php?rest_route=\/wp\/v2\/users\/1"}],"replies":[{"embeddable":true,"href":"https:\/\/www.lodelmomentoloja.com\/index.php?rest_route=%2Fwp%2Fv2%2Fcomments&post=2669"}],"version-history":[{"count":2,"href":"https:\/\/www.lodelmomentoloja.com\/index.php?rest_route=\/wp\/v2\/posts\/2669\/revisions"}],"predecessor-version":[{"id":2674,"href":"https:\/\/www.lodelmomentoloja.com\/index.php?rest_route=\/wp\/v2\/posts\/2669\/revisions\/2674"}],"wp:featuredmedia":[{"embeddable":true,"href":"https:\/\/www.lodelmomentoloja.com\/index.php?rest_route=\/wp\/v2\/media\/2671"}],"wp:attachment":[{"href":"https:\/\/www.lodelmomentoloja.com\/index.php?rest_route=%2Fwp%2Fv2%2Fmedia&parent=2669"}],"wp:term":[{"taxonomy":"category","embeddable":true,"href":"https:\/\/www.lodelmomentoloja.com\/index.php?rest_route=%2Fwp%2Fv2%2Fcategories&post=2669"},{"taxonomy":"post_tag","embeddable":true,"href":"https:\/\/www.lodelmomentoloja.com\/index.php?rest_route=%2Fwp%2Fv2%2Ftags&post=2669"}],"curies":[{"name":"wp","href":"https:\/\/api.w.org\/{rel}","templated":true}]}}