{"id":26684,"date":"2025-06-25T15:47:26","date_gmt":"2025-06-25T15:47:26","guid":{"rendered":"https:\/\/www.lodelmomentoloja.com\/?p=26684"},"modified":"2025-06-25T20:48:46","modified_gmt":"2025-06-25T20:48:46","slug":"menores-seran-sentenciados-hasta-con-15-anos-de-prision","status":"publish","type":"post","link":"https:\/\/www.lodelmomentoloja.com\/?p=26684","title":{"rendered":"MENORES SER\u00c1N SENTENCIADOS HASTA CON 15 A\u00d1OS DE PRISI\u00d3N"},"content":{"rendered":"<p>Hasta 15 a\u00f1os de prisi\u00f3n para menores infractores comenzando su condena en los Centros Adolescentes Infractores (CAI) para luego ser trasladados a c\u00e1rceles de adultos al cumplir la mayor\u00eda de edad, es parte de las reformas que establece la reci\u00e9n aprobada Ley Org\u00e1nica de Integridad P\u00fablica con el objetivo de endurecer las penas contra menores que haya cometido alg\u00fan d3l1t0 relacionado con el cr1m3n organizado como h0m1c1d1os.<\/p>\n<p>La asamble\u00edsta Valentina Centeno detall\u00f3 que los adolescentes que delaten a los \u201creclutadores\u201d podr\u00eda rebajar su condena hasta en un 50%. Seg\u00fan la ley, los menores que colaboren con las autoridades que \u201cpermita procesar penalmente a las personas que incitaron o ense\u00f1aron a cometer un d3l1t0, se impondr\u00e1 la mitad de la pena\u201d.<\/p>\n<p>Anteriormente, los adolescentes infractores eran llevados a centros de aislamiento provisionales donde enfrentaban sanciones de 8 a\u00f1os de reclusi\u00f3n, pero la Ley de Integridad P\u00fablica busca que los j\u00f3venes reciban una medida acorde al tipo de d3l1t0, pese a ser menor de edad.<\/p>\n<p>Sin embargo, esta medida no fue bien recibida por algunos organismos, entre ellos, la Unicef Ecuador, entidad que expres\u00f3 su preocupaci\u00f3n por la incorporaci\u00f3n de reformas regresivas, \u201ceste tipo de medidas no han demostrado ser efectivas para combatir la inseguridad, y contravienen la Constituci\u00f3n de la Rep\u00fablica y la Convenci\u00f3n sobre los Derechos del Ni\u00f1o ratificada por Ecuador. Incluso, podr\u00eda empeorar la situaci\u00f3n del sistema penitenciario y afectar la posibilidad de reintegraci\u00f3n para los adolescentes\u201d.<\/p>\n<p>Seg\u00fan datos del Ministerio de Inclusi\u00f3n Econ\u00f3mica y Social, al menos 1.200 ni\u00f1os y adolescentes los han detenido en lo que va de 2025 por diversos delitos, mientras que en 2024 fueron m\u00e1s de 3.000.<\/p>\n","protected":false},"excerpt":{"rendered":"<p>Hasta 15 a\u00f1os de prisi\u00f3n para menores infractores comenzando su condena en los Centros Adolescentes&#8230;<\/p>\n","protected":false},"author":1,"featured_media":26685,"comment_status":"open","ping_status":"open","sticky":false,"template":"","format":"standard","meta":{"footnotes":""},"categories":[7,1,5],"tags":[],"class_list":["post-26684","post","type-post","status-publish","format-standard","has-post-thumbnail","hentry","category-ecuador","category-inicio","category-loja"],"_links":{"self":[{"href":"https:\/\/www.lodelmomentoloja.com\/index.php?rest_route=\/wp\/v2\/posts\/26684"}],"collection":[{"href":"https:\/\/www.lodelmomentoloja.com\/index.php?rest_route=\/wp\/v2\/posts"}],"about":[{"href":"https:\/\/www.lodelmomentoloja.com\/index.php?rest_route=\/wp\/v2\/types\/post"}],"author":[{"embeddable":true,"href":"https:\/\/www.lodelmomentoloja.com\/index.php?rest_route=\/wp\/v2\/users\/1"}],"replies":[{"embeddable":true,"href":"https:\/\/www.lodelmomentoloja.com\/index.php?rest_route=%2Fwp%2Fv2%2Fcomments&post=26684"}],"version-history":[{"count":1,"href":"https:\/\/www.lodelmomentoloja.com\/index.php?rest_route=\/wp\/v2\/posts\/26684\/revisions"}],"predecessor-version":[{"id":26686,"href":"https:\/\/www.lodelmomentoloja.com\/index.php?rest_route=\/wp\/v2\/posts\/26684\/revisions\/26686"}],"wp:featuredmedia":[{"embeddable":true,"href":"https:\/\/www.lodelmomentoloja.com\/index.php?rest_route=\/wp\/v2\/media\/26685"}],"wp:attachment":[{"href":"https:\/\/www.lodelmomentoloja.com\/index.php?rest_route=%2Fwp%2Fv2%2Fmedia&parent=26684"}],"wp:term":[{"taxonomy":"category","embeddable":true,"href":"https:\/\/www.lodelmomentoloja.com\/index.php?rest_route=%2Fwp%2Fv2%2Fcategories&post=26684"},{"taxonomy":"post_tag","embeddable":true,"href":"https:\/\/www.lodelmomentoloja.com\/index.php?rest_route=%2Fwp%2Fv2%2Ftags&post=26684"}],"curies":[{"name":"wp","href":"https:\/\/api.w.org\/{rel}","templated":true}]}}