{"id":26679,"date":"2025-06-25T10:26:02","date_gmt":"2025-06-25T10:26:02","guid":{"rendered":"https:\/\/www.lodelmomentoloja.com\/?p=26679"},"modified":"2025-06-25T15:28:37","modified_gmt":"2025-06-25T15:28:37","slug":"convocan-a-sesion-extraordinaria-para-la-resolucion-sobre-el-pedido-de-remocion-contra-alcalde-de-loja","status":"publish","type":"post","link":"https:\/\/www.lodelmomentoloja.com\/?p=26679","title":{"rendered":"CONVOCAN A SESI\u00d3N EXTRAORDINARIA PARA LA RESOLUCI\u00d3N SOBRE EL PEDIDO DE REMOCI\u00d3N CONTRA ALCALDE DE LOJA"},"content":{"rendered":"<p>\ud83d\udc68\ud83c\udffb\u200d\u2696\ufe0f\ud83d\udcc4\u2705\u00a1Est\u00e1n convocados! En un documento firmado por la Vicealcaldesa, Mgtr. Diana Guayanay, se anuncia que en cumplimiento de la normativa del C\u00f3digo Org\u00e1nico de Organizaci\u00f3n Territorial, Autonom\u00eda y Descentralizaci\u00f3n (COOTAD), se realiza la convocatoria a los se\u00f1ores integrantes del \u00d3rgano Legislativo y de Fiscalizaci\u00f3n del GAD del Cant\u00f3n Loja, a la sesi\u00f3n extraordinaria que se efectuar\u00e1 este 26 de junio del 2025, a partir de las 10h00, en el Sal\u00f3n del Cabildo, para tratar la resoluci\u00f3n sobre el pedido de remoci\u00f3n contra el Alcalde de Loja, Franco Quezada Montesinos, frente a la denuncia presentada por el Sr. Ramiro P. Delgado.<\/p>\n<p><img loading=\"lazy\" decoding=\"async\" class=\"alignnone size-medium wp-image-26680\" src=\"http:\/\/www.lodelmomentoloja.com\/wp-content\/uploads\/2025\/06\/WhatsApp-Image-2025-06-25-at-9.55.46-AM-214x300.jpeg\" alt=\"\" width=\"214\" height=\"300\" srcset=\"https:\/\/www.lodelmomentoloja.com\/wp-content\/uploads\/2025\/06\/WhatsApp-Image-2025-06-25-at-9.55.46-AM-214x300.jpeg 214w, https:\/\/www.lodelmomentoloja.com\/wp-content\/uploads\/2025\/06\/WhatsApp-Image-2025-06-25-at-9.55.46-AM-729x1024.jpeg 729w, https:\/\/www.lodelmomentoloja.com\/wp-content\/uploads\/2025\/06\/WhatsApp-Image-2025-06-25-at-9.55.46-AM-768x1079.jpeg 768w, https:\/\/www.lodelmomentoloja.com\/wp-content\/uploads\/2025\/06\/WhatsApp-Image-2025-06-25-at-9.55.46-AM-640x899.jpeg 640w, https:\/\/www.lodelmomentoloja.com\/wp-content\/uploads\/2025\/06\/WhatsApp-Image-2025-06-25-at-9.55.46-AM-1024x1438.jpeg 1024w, https:\/\/www.lodelmomentoloja.com\/wp-content\/uploads\/2025\/06\/WhatsApp-Image-2025-06-25-at-9.55.46-AM.jpeg 1080w\" sizes=\"(max-width: 214px) 100vw, 214px\" \/><\/p>\n<p>\ud83c\udf10\u2705 S\u00edguenos en nuestra p\u00e1gina verificada: https:\/\/www.facebook.com\/lodelmomentolojaEC<\/p>\n<p>www.lodelmomentoloja.com<br \/>\n#LDMnoticias #lodelmomentolojaLDM<\/p>\n","protected":false},"excerpt":{"rendered":"<p>\ud83d\udc68\ud83c\udffb\u200d\u2696\ufe0f\ud83d\udcc4\u2705\u00a1Est\u00e1n convocados! En un documento firmado por la Vicealcaldesa, Mgtr. Diana Guayanay, se anuncia que&#8230;<\/p>\n","protected":false},"author":1,"featured_media":26681,"comment_status":"open","ping_status":"open","sticky":false,"template":"","format":"standard","meta":{"footnotes":""},"categories":[7,1,5],"tags":[],"class_list":["post-26679","post","type-post","status-publish","format-standard","has-post-thumbnail","hentry","category-ecuador","category-inicio","category-loja"],"_links":{"self":[{"href":"https:\/\/www.lodelmomentoloja.com\/index.php?rest_route=\/wp\/v2\/posts\/26679"}],"collection":[{"href":"https:\/\/www.lodelmomentoloja.com\/index.php?rest_route=\/wp\/v2\/posts"}],"about":[{"href":"https:\/\/www.lodelmomentoloja.com\/index.php?rest_route=\/wp\/v2\/types\/post"}],"author":[{"embeddable":true,"href":"https:\/\/www.lodelmomentoloja.com\/index.php?rest_route=\/wp\/v2\/users\/1"}],"replies":[{"embeddable":true,"href":"https:\/\/www.lodelmomentoloja.com\/index.php?rest_route=%2Fwp%2Fv2%2Fcomments&post=26679"}],"version-history":[{"count":1,"href":"https:\/\/www.lodelmomentoloja.com\/index.php?rest_route=\/wp\/v2\/posts\/26679\/revisions"}],"predecessor-version":[{"id":26682,"href":"https:\/\/www.lodelmomentoloja.com\/index.php?rest_route=\/wp\/v2\/posts\/26679\/revisions\/26682"}],"wp:featuredmedia":[{"embeddable":true,"href":"https:\/\/www.lodelmomentoloja.com\/index.php?rest_route=\/wp\/v2\/media\/26681"}],"wp:attachment":[{"href":"https:\/\/www.lodelmomentoloja.com\/index.php?rest_route=%2Fwp%2Fv2%2Fmedia&parent=26679"}],"wp:term":[{"taxonomy":"category","embeddable":true,"href":"https:\/\/www.lodelmomentoloja.com\/index.php?rest_route=%2Fwp%2Fv2%2Fcategories&post=26679"},{"taxonomy":"post_tag","embeddable":true,"href":"https:\/\/www.lodelmomentoloja.com\/index.php?rest_route=%2Fwp%2Fv2%2Ftags&post=26679"}],"curies":[{"name":"wp","href":"https:\/\/api.w.org\/{rel}","templated":true}]}}