{"id":26676,"date":"2025-06-25T10:15:05","date_gmt":"2025-06-25T10:15:05","guid":{"rendered":"https:\/\/www.lodelmomentoloja.com\/?p=26676"},"modified":"2025-06-25T15:15:50","modified_gmt":"2025-06-25T15:15:50","slug":"fin-a-la-guerra-de-los-12-dias-entre-iran-e-israel","status":"publish","type":"post","link":"https:\/\/www.lodelmomentoloja.com\/?p=26676","title":{"rendered":"FIN A LA &#8216;GUERRA DE LOS 12 D\u00cdAS&#8217; ENTRE IR\u00c1N E ISRAEL"},"content":{"rendered":"<p>\ud83c\uddee\ud83c\uddf7\ud83c\udff3\ufe0f\ud83c\uddee\ud83c\uddf1\u00a1Alto el fv3go! El presidente iran\u00ed, Masud Pezeshkian, anunci\u00f3 el martes 24 de junio de 2025, el fin de la gu3rr4 de 12 d\u00edas, que dijo fue \u201cimpuesta por Israel\u201d, en un mensaje a la naci\u00f3n difundido por la agencia oficial IRNA.<\/p>\n<p>\u201cHoy, tras la heroica resistencia de nuestra gran naci\u00f3n (\u2026) asistimos al establecimiento de una tregua y al fin de esta gu3rra de 12 d\u00edas impuesta\u201d, declar\u00f3 Pezeshkian.<\/p>\n<p>\ud83c\udf10\u2705 S\u00edguenos en nuestra p\u00e1gina verificada: https:\/\/www.facebook.com\/lodelmomentolojaEC<\/p>\n<p>www.lodelmomentoloja.com<br \/>\n<a class=\"x1i10hfl xjbqb8w x1ejq31n x18oe1m7 x1sy0etr xstzfhl x972fbf x10w94by x1qhh985 x14e42zd x9f619 x1ypdohk xt0psk2 xe8uvvx xdj266r x14z9mp xat24cr x1lziwak xexx8yu xyri2b x18d9i69 x1c1uobl x16tdsg8 x1hl2dhg xggy1nq x1a2a7pz  _aa9_ _a6hd\" tabindex=\"0\" role=\"link\" href=\"https:\/\/www.instagram.com\/explore\/tags\/ldmnoticias\/\">#LDMnoticias<\/a>\u00a0<a class=\"x1i10hfl xjbqb8w x1ejq31n x18oe1m7 x1sy0etr xstzfhl x972fbf x10w94by x1qhh985 x14e42zd x9f619 x1ypdohk xt0psk2 xe8uvvx xdj266r x14z9mp xat24cr x1lziwak xexx8yu xyri2b x18d9i69 x1c1uobl x16tdsg8 x1hl2dhg xggy1nq x1a2a7pz  _aa9_ _a6hd\" tabindex=\"0\" role=\"link\" href=\"https:\/\/www.instagram.com\/explore\/tags\/lodelmomentolojaldm\/\">#lodelmomentolojaLDM<\/a><\/p>\n","protected":false},"excerpt":{"rendered":"<p>\ud83c\uddee\ud83c\uddf7\ud83c\udff3\ufe0f\ud83c\uddee\ud83c\uddf1\u00a1Alto el fv3go! El presidente iran\u00ed, Masud Pezeshkian, anunci\u00f3 el martes 24 de junio de&#8230;<\/p>\n","protected":false},"author":1,"featured_media":26677,"comment_status":"open","ping_status":"open","sticky":false,"template":"","format":"standard","meta":{"footnotes":""},"categories":[1,4],"tags":[],"class_list":["post-26676","post","type-post","status-publish","format-standard","has-post-thumbnail","hentry","category-inicio","category-internacional"],"_links":{"self":[{"href":"https:\/\/www.lodelmomentoloja.com\/index.php?rest_route=\/wp\/v2\/posts\/26676"}],"collection":[{"href":"https:\/\/www.lodelmomentoloja.com\/index.php?rest_route=\/wp\/v2\/posts"}],"about":[{"href":"https:\/\/www.lodelmomentoloja.com\/index.php?rest_route=\/wp\/v2\/types\/post"}],"author":[{"embeddable":true,"href":"https:\/\/www.lodelmomentoloja.com\/index.php?rest_route=\/wp\/v2\/users\/1"}],"replies":[{"embeddable":true,"href":"https:\/\/www.lodelmomentoloja.com\/index.php?rest_route=%2Fwp%2Fv2%2Fcomments&post=26676"}],"version-history":[{"count":1,"href":"https:\/\/www.lodelmomentoloja.com\/index.php?rest_route=\/wp\/v2\/posts\/26676\/revisions"}],"predecessor-version":[{"id":26678,"href":"https:\/\/www.lodelmomentoloja.com\/index.php?rest_route=\/wp\/v2\/posts\/26676\/revisions\/26678"}],"wp:featuredmedia":[{"embeddable":true,"href":"https:\/\/www.lodelmomentoloja.com\/index.php?rest_route=\/wp\/v2\/media\/26677"}],"wp:attachment":[{"href":"https:\/\/www.lodelmomentoloja.com\/index.php?rest_route=%2Fwp%2Fv2%2Fmedia&parent=26676"}],"wp:term":[{"taxonomy":"category","embeddable":true,"href":"https:\/\/www.lodelmomentoloja.com\/index.php?rest_route=%2Fwp%2Fv2%2Fcategories&post=26676"},{"taxonomy":"post_tag","embeddable":true,"href":"https:\/\/www.lodelmomentoloja.com\/index.php?rest_route=%2Fwp%2Fv2%2Ftags&post=26676"}],"curies":[{"name":"wp","href":"https:\/\/api.w.org\/{rel}","templated":true}]}}