{"id":26664,"date":"2025-06-24T09:05:19","date_gmt":"2025-06-24T09:05:19","guid":{"rendered":"https:\/\/www.lodelmomentoloja.com\/?p=26664"},"modified":"2025-06-24T15:06:25","modified_gmt":"2025-06-24T15:06:25","slug":"presidente-daniel-noboa-en-el-top-de-los-presidentes-sudamericanos-con-mejor-aceptacion","status":"publish","type":"post","link":"https:\/\/www.lodelmomentoloja.com\/?p=26664","title":{"rendered":"PRESIDENTE DANIEL NOBOA EN EL TOP DE LOS PRESIDENTES SUDAMERICANOS CON MEJOR ACEPTACI\u00d3N"},"content":{"rendered":"<p>\ud83c\uddea\ud83c\udde8\ud83d\udd1d\ud83d\udc4f\ud83c\udffb\u00a1Entre los mejores! De acuerdo a la plataforma CB Consultora Opini\u00f3n P\u00fablica, a trav\u00e9s de un sondeo a sus ciudadanos, dan a conocer los tres presidentes sudamericanos mejor valorados en el mes de junio de 2025, entre ellos se encuentran: Javier Milei de Argentina \ud83c\udde6\ud83c\uddf7, quien lidera el ranking con un 53,5% de imagen positiva; en segundo lugar se ubica Daniel Noboa de Ecuador \ud83c\uddea\ud83c\udde8, con un 52,4%; y completa el podio Yamand\u00fa Orsi de Uruguay \ud83c\uddfa\ud83c\uddfe, con un 47,2% de aprobaci\u00f3n.<\/p>\n<p><img loading=\"lazy\" decoding=\"async\" class=\"alignnone size-medium wp-image-26666\" src=\"http:\/\/www.lodelmomentoloja.com\/wp-content\/uploads\/2025\/06\/WhatsApp-Image-2025-06-24-at-9.59.05-AM-300x221.jpeg\" alt=\"\" width=\"300\" height=\"221\" srcset=\"https:\/\/www.lodelmomentoloja.com\/wp-content\/uploads\/2025\/06\/WhatsApp-Image-2025-06-24-at-9.59.05-AM-300x221.jpeg 300w, https:\/\/www.lodelmomentoloja.com\/wp-content\/uploads\/2025\/06\/WhatsApp-Image-2025-06-24-at-9.59.05-AM-1024x755.jpeg 1024w, https:\/\/www.lodelmomentoloja.com\/wp-content\/uploads\/2025\/06\/WhatsApp-Image-2025-06-24-at-9.59.05-AM-768x566.jpeg 768w, https:\/\/www.lodelmomentoloja.com\/wp-content\/uploads\/2025\/06\/WhatsApp-Image-2025-06-24-at-9.59.05-AM-640x472.jpeg 640w, https:\/\/www.lodelmomentoloja.com\/wp-content\/uploads\/2025\/06\/WhatsApp-Image-2025-06-24-at-9.59.05-AM-1536x1133.jpeg 1536w, https:\/\/www.lodelmomentoloja.com\/wp-content\/uploads\/2025\/06\/WhatsApp-Image-2025-06-24-at-9.59.05-AM.jpeg 1600w\" sizes=\"(max-width: 300px) 100vw, 300px\" \/><\/p>\n<p>Adem\u00e1s los presidentes peor calificados de este mes son: Luis Arce de Bolivia, en el \u00faltimo lugar con una imagen positiva de apenas 21,2%, seguido por Dina Boluarte de Per\u00fa, con 22,3%, y finaliza el podio negativo Nicol\u00e1s Maduro de Venezuela, con 29,5% de aprobaci\u00f3n.<\/p>\n<p>\ud83c\udf10\u2705 S\u00edguenos en nuestra p\u00e1gina verificada: https:\/\/www.facebook.com\/lodelmomentolojaEC<\/p>\n<p>www.lodelmomentoloja.com<br \/>\n<a class=\"x1i10hfl xjbqb8w x1ejq31n x18oe1m7 x1sy0etr xstzfhl x972fbf x10w94by x1qhh985 x14e42zd x9f619 x1ypdohk xt0psk2 xe8uvvx xdj266r x14z9mp xat24cr x1lziwak xexx8yu xyri2b x18d9i69 x1c1uobl x16tdsg8 x1hl2dhg xggy1nq x1a2a7pz  _aa9_ _a6hd\" tabindex=\"0\" role=\"link\" href=\"https:\/\/www.instagram.com\/explore\/tags\/ldmnoticias\/\">#LDMnoticias<\/a>\u00a0<a class=\"x1i10hfl xjbqb8w x1ejq31n x18oe1m7 x1sy0etr xstzfhl x972fbf x10w94by x1qhh985 x14e42zd x9f619 x1ypdohk xt0psk2 xe8uvvx xdj266r x14z9mp xat24cr x1lziwak xexx8yu xyri2b x18d9i69 x1c1uobl x16tdsg8 x1hl2dhg xggy1nq x1a2a7pz  _aa9_ _a6hd\" tabindex=\"0\" role=\"link\" href=\"https:\/\/www.instagram.com\/explore\/tags\/lodelmomentolojaldmv\/\">#lodelmomentolojaLDM<\/a><\/p>\n","protected":false},"excerpt":{"rendered":"<p>\ud83c\uddea\ud83c\udde8\ud83d\udd1d\ud83d\udc4f\ud83c\udffb\u00a1Entre los mejores! De acuerdo a la plataforma CB Consultora Opini\u00f3n P\u00fablica, a trav\u00e9s de&#8230;<\/p>\n","protected":false},"author":1,"featured_media":26665,"comment_status":"open","ping_status":"open","sticky":false,"template":"","format":"standard","meta":{"footnotes":""},"categories":[7,1,4,5],"tags":[],"class_list":["post-26664","post","type-post","status-publish","format-standard","has-post-thumbnail","hentry","category-ecuador","category-inicio","category-internacional","category-loja"],"_links":{"self":[{"href":"https:\/\/www.lodelmomentoloja.com\/index.php?rest_route=\/wp\/v2\/posts\/26664"}],"collection":[{"href":"https:\/\/www.lodelmomentoloja.com\/index.php?rest_route=\/wp\/v2\/posts"}],"about":[{"href":"https:\/\/www.lodelmomentoloja.com\/index.php?rest_route=\/wp\/v2\/types\/post"}],"author":[{"embeddable":true,"href":"https:\/\/www.lodelmomentoloja.com\/index.php?rest_route=\/wp\/v2\/users\/1"}],"replies":[{"embeddable":true,"href":"https:\/\/www.lodelmomentoloja.com\/index.php?rest_route=%2Fwp%2Fv2%2Fcomments&post=26664"}],"version-history":[{"count":1,"href":"https:\/\/www.lodelmomentoloja.com\/index.php?rest_route=\/wp\/v2\/posts\/26664\/revisions"}],"predecessor-version":[{"id":26667,"href":"https:\/\/www.lodelmomentoloja.com\/index.php?rest_route=\/wp\/v2\/posts\/26664\/revisions\/26667"}],"wp:featuredmedia":[{"embeddable":true,"href":"https:\/\/www.lodelmomentoloja.com\/index.php?rest_route=\/wp\/v2\/media\/26665"}],"wp:attachment":[{"href":"https:\/\/www.lodelmomentoloja.com\/index.php?rest_route=%2Fwp%2Fv2%2Fmedia&parent=26664"}],"wp:term":[{"taxonomy":"category","embeddable":true,"href":"https:\/\/www.lodelmomentoloja.com\/index.php?rest_route=%2Fwp%2Fv2%2Fcategories&post=26664"},{"taxonomy":"post_tag","embeddable":true,"href":"https:\/\/www.lodelmomentoloja.com\/index.php?rest_route=%2Fwp%2Fv2%2Ftags&post=26664"}],"curies":[{"name":"wp","href":"https:\/\/api.w.org\/{rel}","templated":true}]}}