{"id":26652,"date":"2025-06-23T16:14:30","date_gmt":"2025-06-23T16:14:30","guid":{"rendered":"https:\/\/www.lodelmomentoloja.com\/?p=26652"},"modified":"2025-06-23T21:16:48","modified_gmt":"2025-06-23T21:16:48","slug":"26652","status":"publish","type":"post","link":"https:\/\/www.lodelmomentoloja.com\/?p=26652","title":{"rendered":"EN ESTA SEMANA SE DECIDE EL FUTURO DEL ALCALDE DE LOJA"},"content":{"rendered":"<p>\ud83e\udd14\ud83d\udea8\ud83d\udde3\ufe0f \u00a1Esta semana deciden! El futuro del alcalde de Loja, Franco Quezada Montesinos, quien enfrenta un nuevo proceso de remoci\u00f3n presentado por el ciudadano Ramiro Delgado Vallejo el pasado 26 de mayo de 2025 por dos causales: presunto incumplimiento de disposiciones del Cabildo y la modificaci\u00f3n arbitraria del presupuesto sin autorizaci\u00f3n, siendo este siendo este el segundo pedido que enfrenta Quezada, misma que fue calificada por la Comisi\u00f3n de Mesa, el pasado 03 de junio.<\/p>\n<p>El primero fue presentado por el edil Santiago Err\u00e1ez el pasado 31 de marzo del a\u00f1o en curso por tres causales: uso indebido de logotipos, colores, m\u00fasica y otros en publicidad; perfil de los funcionarios de libre remoci\u00f3n y; designaci\u00f3n de la gerente de la empresa p\u00fablica Gedes. Sin embargo, fue archivado por falta de pruebas el 20 de mayo.<\/p>\n<p>Para este segundo proceso de remoci\u00f3n, en base al COOTAD, las partes involucradas tuvieron un plazo de 10 d\u00edas h\u00e1biles para el cargo y descargo de pruebas de los involucrados, el cual inici\u00f3 el mi\u00e9rcoles 04 de junio y concluy\u00f3 el martes 17 de junio.<\/p>\n<p>Una vez concluido este lapso de tiempo, ahora es turno de la Comisi\u00f3n de Mesa integrada, en esta ocasi\u00f3n, por los concejales Pablo Carri\u00f3n, Miguel Castillo y Lenin Cuenca. En base a la normativa, dicha comisi\u00f3n tiene un plazo de 5 d\u00edas laborales para presentar el informe correspondiente contando desde el mi\u00e9rcoles 18 de junio, sin tomar en cuenta los fines de semana, por lo que la comisi\u00f3n deber\u00e1 presentar su resoluci\u00f3n este martes 24 de junio y, dos d\u00edas despu\u00e9s, es decir, el jueves 26 de junio, se convocar\u00e1 a sesi\u00f3n extraordinaria donde el Cabildo decidir\u00e1 la remoci\u00f3n o archivo de la denuncia presentada.<\/p>\n<p>Durante la sesi\u00f3n, tanto el denunciante de la remoci\u00f3n, Ramiro Delgado como el alcalde Franco Quezada expondr\u00e1n sus argumentos y luego los ediles tomar\u00e1n la decisi\u00f3n \u00bfCu\u00e1l ser\u00e1 el futuro de Franco Quezada como alcalde del cant\u00f3n Loja?<\/p>\n<p>\ud83c\udf10\u2705 S\u00edguenos en nuestra p\u00e1gina verificada: https:\/\/www.facebook.com\/lodelmomentolojaEC<\/p>\n<p>www.lodelmomentoloja.com<br \/>\n<a class=\"x1i10hfl xjbqb8w x1ejq31n x18oe1m7 x1sy0etr xstzfhl x972fbf x10w94by x1qhh985 x14e42zd x9f619 x1ypdohk xt0psk2 xe8uvvx xdj266r x14z9mp xat24cr x1lziwak xexx8yu xyri2b x18d9i69 x1c1uobl x16tdsg8 x1hl2dhg xggy1nq x1a2a7pz _aa9_ _a6hd\" tabindex=\"0\" role=\"link\" href=\"https:\/\/www.instagram.com\/explore\/tags\/ldmnoticias\/\">#LDMnoticias<\/a>\u00a0<a class=\"x1i10hfl xjbqb8w x1ejq31n x18oe1m7 x1sy0etr xstzfhl x972fbf x10w94by x1qhh985 x14e42zd x9f619 x1ypdohk xt0psk2 xe8uvvx xdj266r x14z9mp xat24cr x1lziwak xexx8yu xyri2b x18d9i69 x1c1uobl x16tdsg8 x1hl2dhg xggy1nq x1a2a7pz _aa9_ _a6hd\" tabindex=\"0\" role=\"link\" href=\"https:\/\/www.instagram.com\/explore\/tags\/lodelmomentolojaldm\/\">#lodelmomentolojaLDM<\/a><\/p>\n","protected":false},"excerpt":{"rendered":"<p>\ud83e\udd14\ud83d\udea8\ud83d\udde3\ufe0f \u00a1Esta semana deciden! El futuro del alcalde de Loja, Franco Quezada Montesinos, quien enfrenta&#8230;<\/p>\n","protected":false},"author":1,"featured_media":26653,"comment_status":"open","ping_status":"open","sticky":false,"template":"","format":"standard","meta":{"footnotes":""},"categories":[7,1,5],"tags":[],"class_list":["post-26652","post","type-post","status-publish","format-standard","has-post-thumbnail","hentry","category-ecuador","category-inicio","category-loja"],"_links":{"self":[{"href":"https:\/\/www.lodelmomentoloja.com\/index.php?rest_route=\/wp\/v2\/posts\/26652"}],"collection":[{"href":"https:\/\/www.lodelmomentoloja.com\/index.php?rest_route=\/wp\/v2\/posts"}],"about":[{"href":"https:\/\/www.lodelmomentoloja.com\/index.php?rest_route=\/wp\/v2\/types\/post"}],"author":[{"embeddable":true,"href":"https:\/\/www.lodelmomentoloja.com\/index.php?rest_route=\/wp\/v2\/users\/1"}],"replies":[{"embeddable":true,"href":"https:\/\/www.lodelmomentoloja.com\/index.php?rest_route=%2Fwp%2Fv2%2Fcomments&post=26652"}],"version-history":[{"count":2,"href":"https:\/\/www.lodelmomentoloja.com\/index.php?rest_route=\/wp\/v2\/posts\/26652\/revisions"}],"predecessor-version":[{"id":26655,"href":"https:\/\/www.lodelmomentoloja.com\/index.php?rest_route=\/wp\/v2\/posts\/26652\/revisions\/26655"}],"wp:featuredmedia":[{"embeddable":true,"href":"https:\/\/www.lodelmomentoloja.com\/index.php?rest_route=\/wp\/v2\/media\/26653"}],"wp:attachment":[{"href":"https:\/\/www.lodelmomentoloja.com\/index.php?rest_route=%2Fwp%2Fv2%2Fmedia&parent=26652"}],"wp:term":[{"taxonomy":"category","embeddable":true,"href":"https:\/\/www.lodelmomentoloja.com\/index.php?rest_route=%2Fwp%2Fv2%2Fcategories&post=26652"},{"taxonomy":"post_tag","embeddable":true,"href":"https:\/\/www.lodelmomentoloja.com\/index.php?rest_route=%2Fwp%2Fv2%2Ftags&post=26652"}],"curies":[{"name":"wp","href":"https:\/\/api.w.org\/{rel}","templated":true}]}}