{"id":2665,"date":"2021-02-24T07:00:25","date_gmt":"2021-02-24T07:00:25","guid":{"rendered":"http:\/\/www.lodelmomentoloja.com\/?p=2665"},"modified":"2021-02-24T12:21:50","modified_gmt":"2021-02-24T12:21:50","slug":"jacobo-bucaram-regresa-a-casa-con-nueva-medida","status":"publish","type":"post","link":"https:\/\/www.lodelmomentoloja.com\/?p=2665","title":{"rendered":"JACOBO BUCARAM REGRESA A CASA CON NUEVA MEDIDA."},"content":{"rendered":"<div class=\"o9v6fnle cxmmr5t8 oygrvhab hcukyx3x c1et5uql ii04i59q\">\n<div dir=\"auto\">Jacobo Bucaram habr\u00eda planteado \u2018h\u00e1beas corpus\u2019, ante una supuesta vulneraci\u00f3n de derechos en el Centro de Rehabilitaci\u00f3n Social n\u00famero 2 de Quito, m\u00e1s conocida como C\u00e1rcel 4, debido a que manten\u00eda una condici\u00f3n m\u00e9dica de riesgo.<\/div>\n<div dir=\"auto\"><\/div>\n<\/div>\n<div class=\"o9v6fnle cxmmr5t8 oygrvhab hcukyx3x c1et5uql ii04i59q\">\n<div dir=\"auto\">Con una resoluci\u00f3n que no revoca la orden de prisi\u00f3n preventiva que pesa en Jacobo Bucar\u00e1m Pulley, como parte de un proceso por delincuencia organizada, el Juez Esteban Calder\u00f3n, orden\u00f3 guarde arresto domiciliario en su vivienda ubicado en la Ciudadela Kennedy Norte, en Guayaquil, mientras mejora su estado de salud.<\/div>\n<div dir=\"auto\"><\/div>\n<\/div>\n<div class=\"o9v6fnle cxmmr5t8 oygrvhab hcukyx3x c1et5uql ii04i59q\">\n<div dir=\"auto\">\u201cComo una acci\u00f3n de protecci\u00f3n inmediata de derechos dispongo que reciba esta atenci\u00f3n m\u00e9dica en su domicilio en Guayaquil ya que est\u00e1 en las condiciones geogr\u00e1ficas que van a favorecer su estado de salud\u201d mencion\u00f3 el Juez, recalcando que el pedido de habeas corpus no era recupera su libertad sino precautelar su vida.<\/div>\n<div dir=\"auto\"><\/div>\n<\/div>\n<div class=\"o9v6fnle cxmmr5t8 oygrvhab hcukyx3x c1et5uql ii04i59q\">\n<div dir=\"auto\">En su defensa, Jacobo, adolece una hipertensi\u00f3n arterial esencial, catalogada como presi\u00f3n alta CIE 10-114, la cual se habr\u00eda estado tratando en Guayaquil, desde marzo de 2018.<\/div>\n<div dir=\"auto\"><img loading=\"lazy\" decoding=\"async\" class=\"alignnone wp-image-2666 size-full\" src=\"http:\/\/www.lodelmomentoloja.com\/wp-content\/uploads\/2021\/02\/4WX6WF3JQRECVPDBLGJOJVFCAQ.jpg\" alt=\"\" width=\"814\" height=\"932\" srcset=\"https:\/\/www.lodelmomentoloja.com\/wp-content\/uploads\/2021\/02\/4WX6WF3JQRECVPDBLGJOJVFCAQ.jpg 814w, https:\/\/www.lodelmomentoloja.com\/wp-content\/uploads\/2021\/02\/4WX6WF3JQRECVPDBLGJOJVFCAQ-262x300.jpg 262w, https:\/\/www.lodelmomentoloja.com\/wp-content\/uploads\/2021\/02\/4WX6WF3JQRECVPDBLGJOJVFCAQ-768x879.jpg 768w, https:\/\/www.lodelmomentoloja.com\/wp-content\/uploads\/2021\/02\/4WX6WF3JQRECVPDBLGJOJVFCAQ-640x733.jpg 640w\" sizes=\"(max-width: 814px) 100vw, 814px\" \/><\/div>\n<\/div>\n","protected":false},"excerpt":{"rendered":"<p>Jacobo Bucaram habr\u00eda planteado \u2018h\u00e1beas corpus\u2019, ante una supuesta vulneraci\u00f3n de derechos en el Centro&#8230;<\/p>\n","protected":false},"author":1,"featured_media":2667,"comment_status":"open","ping_status":"open","sticky":false,"template":"","format":"standard","meta":{"footnotes":""},"categories":[7,1],"tags":[],"class_list":["post-2665","post","type-post","status-publish","format-standard","has-post-thumbnail","hentry","category-ecuador","category-inicio"],"_links":{"self":[{"href":"https:\/\/www.lodelmomentoloja.com\/index.php?rest_route=\/wp\/v2\/posts\/2665"}],"collection":[{"href":"https:\/\/www.lodelmomentoloja.com\/index.php?rest_route=\/wp\/v2\/posts"}],"about":[{"href":"https:\/\/www.lodelmomentoloja.com\/index.php?rest_route=\/wp\/v2\/types\/post"}],"author":[{"embeddable":true,"href":"https:\/\/www.lodelmomentoloja.com\/index.php?rest_route=\/wp\/v2\/users\/1"}],"replies":[{"embeddable":true,"href":"https:\/\/www.lodelmomentoloja.com\/index.php?rest_route=%2Fwp%2Fv2%2Fcomments&post=2665"}],"version-history":[{"count":1,"href":"https:\/\/www.lodelmomentoloja.com\/index.php?rest_route=\/wp\/v2\/posts\/2665\/revisions"}],"predecessor-version":[{"id":2668,"href":"https:\/\/www.lodelmomentoloja.com\/index.php?rest_route=\/wp\/v2\/posts\/2665\/revisions\/2668"}],"wp:featuredmedia":[{"embeddable":true,"href":"https:\/\/www.lodelmomentoloja.com\/index.php?rest_route=\/wp\/v2\/media\/2667"}],"wp:attachment":[{"href":"https:\/\/www.lodelmomentoloja.com\/index.php?rest_route=%2Fwp%2Fv2%2Fmedia&parent=2665"}],"wp:term":[{"taxonomy":"category","embeddable":true,"href":"https:\/\/www.lodelmomentoloja.com\/index.php?rest_route=%2Fwp%2Fv2%2Fcategories&post=2665"},{"taxonomy":"post_tag","embeddable":true,"href":"https:\/\/www.lodelmomentoloja.com\/index.php?rest_route=%2Fwp%2Fv2%2Ftags&post=2665"}],"curies":[{"name":"wp","href":"https:\/\/api.w.org\/{rel}","templated":true}]}}