{"id":26639,"date":"2025-06-23T11:08:23","date_gmt":"2025-06-23T11:08:23","guid":{"rendered":"https:\/\/www.lodelmomentoloja.com\/?p=26639"},"modified":"2025-06-23T16:10:34","modified_gmt":"2025-06-23T16:10:34","slug":"gobierno-ofrece-un-millon-de-dolares-por-alias-fede","status":"publish","type":"post","link":"https:\/\/www.lodelmomentoloja.com\/?p=26639","title":{"rendered":"GOBIERNO OFRECE UN MILL\u00d3N DE D\u00d3LARES POR ALIAS &#8216;FEDE&#8217;"},"content":{"rendered":"<p>\ud83d\udea8\ud83d\udcb0\ud83e\ude96 \u00a1Millonaria recompensa! Tras la fue de Rolando G\u00f3mez Quinde, alias \u2018Fede\u2019 de la Penitenciaria del Litoral, el Gobierno Nacional ofrece USD 1 mill\u00f3n por el cabecilla de \u2018Los \u00c1guilas\u2019. El anuncio lo realizaron el ministro del Interior, John Reimberg y el ministro de Defensa, Gian Carlo Loffredo, la noche del domingo 22 de junio.<\/p>\n<p>Esta recompensa est\u00e1 dirigida tanto para la ciudadan\u00eda como para la fuerza p\u00fablica. As\u00ed, el USD 1 mill\u00f3n se dar\u00e1 a quien ofrezca informaci\u00f3n ver\u00eddica que permita la ubicaci\u00f3n y captura de alias \u2018Fede\u2019 \u201cuno de los cr1m1n4l3s\u201d m\u00e1s buscados y p3l1gr0s0s del Ecuador\u201d garantizando \u201cabsoluta reserva\u201d.<\/p>\n<p>Lo propio hizo el ministro John Reimberg, detall\u00f3 que el Estado dar\u00e1 la misma recompensa a los polic\u00edas y militares que logren capturar \u201co dar de baja\u201d a Rolando G\u00f3mez \u201cal tratarse de un objetivo militar en el marco de cumplimiento de su deber\u201d, recalc\u00f3.<\/p>\n<p>Fuentes oficiales confirmaron que la fuga ocurri\u00f3 en horas de la madrugada del pasado viernes 20 de junio, cuando \u2018Fede\u2019 sali\u00f3 del centro penitenciario vestido con uniforme militar, aparentemente, proporcionado por uno de los custodios. En este caso, 19 militares, dos funcionarios del SNAI y un reo ser\u00e1n investigados por la fuga de la Penitenciaria del Litoral, puesto que, la Fiscal\u00eda formul\u00f3 cargos por el d3l1t0 de evasi\u00f3n el s\u00e1bado 21 y madrugada del domingo 22 de junio en la Unidad Judicial Cuartel Modelo del Guayas y, como medida cautelar, el juez orden\u00f3 prisi\u00f3n preventiva.<\/p>\n<p>Cabe recordar que, alias \u2018Fede\u2019, ya hab\u00eda sido reaprehendido el pasado 30 de enero de 2025 durante el operativo \u201cGran F\u00e9nix 1\u201d en la urbanizaci\u00f3n La Joya, en Daule, provincia del Guayas, luego de que fuera liberado por una jueza en julio de 2024, tras haber sido detenido por su presunta participaci\u00f3n en la denominada \u201cn4rc0fiesta\u201d en mayo de 2024.<\/p>\n<p>\ud83c\udf10\u2705 S\u00edguenos en nuestra p\u00e1gina verificada: https:\/\/www.facebook.com\/lodelmomentolojaEC<\/p>\n<p>www.lodelmomentoloja.com<br \/>\n<a class=\"x1i10hfl xjbqb8w x1ejq31n x18oe1m7 x1sy0etr xstzfhl x972fbf x10w94by x1qhh985 x14e42zd x9f619 x1ypdohk xt0psk2 xe8uvvx xdj266r x14z9mp xat24cr x1lziwak xexx8yu xyri2b x18d9i69 x1c1uobl x16tdsg8 x1hl2dhg xggy1nq x1a2a7pz  _aa9_ _a6hd\" tabindex=\"0\" role=\"link\" href=\"https:\/\/www.instagram.com\/explore\/tags\/ldmnoticias\/\">#LDMnoticias<\/a>\u00a0<a class=\"x1i10hfl xjbqb8w x1ejq31n x18oe1m7 x1sy0etr xstzfhl x972fbf x10w94by x1qhh985 x14e42zd x9f619 x1ypdohk xt0psk2 xe8uvvx xdj266r x14z9mp xat24cr x1lziwak xexx8yu xyri2b x18d9i69 x1c1uobl x16tdsg8 x1hl2dhg xggy1nq x1a2a7pz  _aa9_ _a6hd\" tabindex=\"0\" role=\"link\" href=\"https:\/\/www.instagram.com\/explore\/tags\/lodelmomentolojaldm\/\">#lodelmomentolojaLDM<\/a><\/p>\n","protected":false},"excerpt":{"rendered":"<p>\ud83d\udea8\ud83d\udcb0\ud83e\ude96 \u00a1Millonaria recompensa! Tras la fue de Rolando G\u00f3mez Quinde, alias \u2018Fede\u2019 de la Penitenciaria&#8230;<\/p>\n","protected":false},"author":1,"featured_media":26640,"comment_status":"open","ping_status":"open","sticky":false,"template":"","format":"standard","meta":{"footnotes":""},"categories":[7,1,5],"tags":[],"class_list":["post-26639","post","type-post","status-publish","format-standard","has-post-thumbnail","hentry","category-ecuador","category-inicio","category-loja"],"_links":{"self":[{"href":"https:\/\/www.lodelmomentoloja.com\/index.php?rest_route=\/wp\/v2\/posts\/26639"}],"collection":[{"href":"https:\/\/www.lodelmomentoloja.com\/index.php?rest_route=\/wp\/v2\/posts"}],"about":[{"href":"https:\/\/www.lodelmomentoloja.com\/index.php?rest_route=\/wp\/v2\/types\/post"}],"author":[{"embeddable":true,"href":"https:\/\/www.lodelmomentoloja.com\/index.php?rest_route=\/wp\/v2\/users\/1"}],"replies":[{"embeddable":true,"href":"https:\/\/www.lodelmomentoloja.com\/index.php?rest_route=%2Fwp%2Fv2%2Fcomments&post=26639"}],"version-history":[{"count":1,"href":"https:\/\/www.lodelmomentoloja.com\/index.php?rest_route=\/wp\/v2\/posts\/26639\/revisions"}],"predecessor-version":[{"id":26641,"href":"https:\/\/www.lodelmomentoloja.com\/index.php?rest_route=\/wp\/v2\/posts\/26639\/revisions\/26641"}],"wp:featuredmedia":[{"embeddable":true,"href":"https:\/\/www.lodelmomentoloja.com\/index.php?rest_route=\/wp\/v2\/media\/26640"}],"wp:attachment":[{"href":"https:\/\/www.lodelmomentoloja.com\/index.php?rest_route=%2Fwp%2Fv2%2Fmedia&parent=26639"}],"wp:term":[{"taxonomy":"category","embeddable":true,"href":"https:\/\/www.lodelmomentoloja.com\/index.php?rest_route=%2Fwp%2Fv2%2Fcategories&post=26639"},{"taxonomy":"post_tag","embeddable":true,"href":"https:\/\/www.lodelmomentoloja.com\/index.php?rest_route=%2Fwp%2Fv2%2Ftags&post=26639"}],"curies":[{"name":"wp","href":"https:\/\/api.w.org\/{rel}","templated":true}]}}