{"id":26633,"date":"2025-06-23T09:05:57","date_gmt":"2025-06-23T09:05:57","guid":{"rendered":"https:\/\/www.lodelmomentoloja.com\/?p=26633"},"modified":"2025-06-23T16:07:06","modified_gmt":"2025-06-23T16:07:06","slug":"fiscalia-general-del-estado-pide-13-anos-de-carcel-para-jorge-glas","status":"publish","type":"post","link":"https:\/\/www.lodelmomentoloja.com\/?p=26633","title":{"rendered":"FISCAL\u00cdA GENERAL DEL ESTADO PIDE 13 A\u00d1OS DE C\u00c1RCEL PARA JORGE GLAS"},"content":{"rendered":"<p>\ud83d\ude31\ud83d\udc68\ud83c\udffb\u200d\u2696\ufe0f\ud83d\udcc4 \u00a1C\u00e1rcel para Glas! La Fiscal\u00eda de Ecuador, solicit\u00f3 este 22 de junio del 2025, que se declare culpable al exvicepresidente Jorge Glas por supuesta malversaci\u00f3n de fondos p\u00fablicos (peculado) durante el proceso de reconstrucci\u00f3n de las zonas afectadas por el terremoto del a\u00f1o 2016 en la provincia de Manab\u00ed, y que se le imponga una pena de 13 a\u00f1os de prisi\u00f3n. Adem\u00e1s, durante su alegato final, solicit\u00f3 tanto para Glas como para el exfuncionario Carlos Bernal una multa de 70 salarios b\u00e1sicos unificados, totalizando 32.900 d\u00f3lares, y &#8220;una reparaci\u00f3n material equivalente a 225.395.910,12 d\u00f3lares&#8221;, que es el perjuicio que la Fiscal\u00eda calcula que se cometi\u00f3 contra el Estado.<\/p>\n<p>\ud83c\udf10\u2705 S\u00edguenos en nuestra p\u00e1gina verificada: https:\/\/www.facebook.com\/lodelmomentolojaEC<\/p>\n<p>www.lodelmomentoloja.com<br \/>\n<a class=\"x1i10hfl xjbqb8w x1ejq31n x18oe1m7 x1sy0etr xstzfhl x972fbf x10w94by x1qhh985 x14e42zd x9f619 x1ypdohk xt0psk2 xe8uvvx xdj266r x14z9mp xat24cr x1lziwak xexx8yu xyri2b x18d9i69 x1c1uobl x16tdsg8 x1hl2dhg xggy1nq x1a2a7pz  _aa9_ _a6hd\" tabindex=\"0\" role=\"link\" href=\"https:\/\/www.instagram.com\/explore\/tags\/ldmnoticias\/\">#LDMnoticias<\/a>\u00a0<a class=\"x1i10hfl xjbqb8w x1ejq31n x18oe1m7 x1sy0etr xstzfhl x972fbf x10w94by x1qhh985 x14e42zd x9f619 x1ypdohk xt0psk2 xe8uvvx xdj266r x14z9mp xat24cr x1lziwak xexx8yu xyri2b x18d9i69 x1c1uobl x16tdsg8 x1hl2dhg xggy1nq x1a2a7pz  _aa9_ _a6hd\" tabindex=\"0\" role=\"link\" href=\"https:\/\/www.instagram.com\/explore\/tags\/lodelmomentolojaldm\/\">#lodelmomentolojaLDM<\/a><\/p>\n","protected":false},"excerpt":{"rendered":"<p>\ud83d\ude31\ud83d\udc68\ud83c\udffb\u200d\u2696\ufe0f\ud83d\udcc4 \u00a1C\u00e1rcel para Glas! La Fiscal\u00eda de Ecuador, solicit\u00f3 este 22 de junio del 2025,&#8230;<\/p>\n","protected":false},"author":1,"featured_media":26634,"comment_status":"open","ping_status":"open","sticky":false,"template":"","format":"standard","meta":{"footnotes":""},"categories":[7,1,5],"tags":[],"class_list":["post-26633","post","type-post","status-publish","format-standard","has-post-thumbnail","hentry","category-ecuador","category-inicio","category-loja"],"_links":{"self":[{"href":"https:\/\/www.lodelmomentoloja.com\/index.php?rest_route=\/wp\/v2\/posts\/26633"}],"collection":[{"href":"https:\/\/www.lodelmomentoloja.com\/index.php?rest_route=\/wp\/v2\/posts"}],"about":[{"href":"https:\/\/www.lodelmomentoloja.com\/index.php?rest_route=\/wp\/v2\/types\/post"}],"author":[{"embeddable":true,"href":"https:\/\/www.lodelmomentoloja.com\/index.php?rest_route=\/wp\/v2\/users\/1"}],"replies":[{"embeddable":true,"href":"https:\/\/www.lodelmomentoloja.com\/index.php?rest_route=%2Fwp%2Fv2%2Fcomments&post=26633"}],"version-history":[{"count":1,"href":"https:\/\/www.lodelmomentoloja.com\/index.php?rest_route=\/wp\/v2\/posts\/26633\/revisions"}],"predecessor-version":[{"id":26635,"href":"https:\/\/www.lodelmomentoloja.com\/index.php?rest_route=\/wp\/v2\/posts\/26633\/revisions\/26635"}],"wp:featuredmedia":[{"embeddable":true,"href":"https:\/\/www.lodelmomentoloja.com\/index.php?rest_route=\/wp\/v2\/media\/26634"}],"wp:attachment":[{"href":"https:\/\/www.lodelmomentoloja.com\/index.php?rest_route=%2Fwp%2Fv2%2Fmedia&parent=26633"}],"wp:term":[{"taxonomy":"category","embeddable":true,"href":"https:\/\/www.lodelmomentoloja.com\/index.php?rest_route=%2Fwp%2Fv2%2Fcategories&post=26633"},{"taxonomy":"post_tag","embeddable":true,"href":"https:\/\/www.lodelmomentoloja.com\/index.php?rest_route=%2Fwp%2Fv2%2Ftags&post=26633"}],"curies":[{"name":"wp","href":"https:\/\/api.w.org\/{rel}","templated":true}]}}