{"id":26589,"date":"2025-06-18T12:31:54","date_gmt":"2025-06-18T12:31:54","guid":{"rendered":"https:\/\/www.lodelmomentoloja.com\/?p=26589"},"modified":"2025-06-18T17:46:34","modified_gmt":"2025-06-18T17:46:34","slug":"asambleista-lojano-busca-velar-por-el-cumplimiento-de-la-ley-organica-de-desarrollo-fronterizo","status":"publish","type":"post","link":"https:\/\/www.lodelmomentoloja.com\/?p=26589","title":{"rendered":"Asamble\u00edsta lojano busca velar por el cumplimiento de la Ley Org\u00e1nica de Desarrollo Fronterizo."},"content":{"rendered":"<p>En la Comisi\u00f3n de Garant\u00edas Constitucionales, Derechos Humanos, Derechos Colectivos y la Interculturalidad de la Asamblea Nacional, fue el escenario de la reuni\u00f3n de trabajo de las y los asamble\u00edstas que representan a las provincias de frontera del pa\u00eds. El encuentro, impulsado por del Asamble\u00edsta por Loja, Juan Andr\u00e9s Gonz\u00e1lez tuvo como objetivo, articular esfuerzos para verificar el cumplimiento de la Ley Org\u00e1nica de Desarrollo Fronterizo.<\/p>\n<p><img loading=\"lazy\" decoding=\"async\" class=\"alignnone size-medium wp-image-26590\" src=\"http:\/\/www.lodelmomentoloja.com\/wp-content\/uploads\/2025\/06\/WhatsApp-Image-2025-06-18-at-11.59.56-AM-225x300.jpeg\" alt=\"\" width=\"225\" height=\"300\" srcset=\"https:\/\/www.lodelmomentoloja.com\/wp-content\/uploads\/2025\/06\/WhatsApp-Image-2025-06-18-at-11.59.56-AM-225x300.jpeg 225w, https:\/\/www.lodelmomentoloja.com\/wp-content\/uploads\/2025\/06\/WhatsApp-Image-2025-06-18-at-11.59.56-AM-768x1024.jpeg 768w, https:\/\/www.lodelmomentoloja.com\/wp-content\/uploads\/2025\/06\/WhatsApp-Image-2025-06-18-at-11.59.56-AM-640x853.jpeg 640w, https:\/\/www.lodelmomentoloja.com\/wp-content\/uploads\/2025\/06\/WhatsApp-Image-2025-06-18-at-11.59.56-AM-1152x1536.jpeg 1152w, https:\/\/www.lodelmomentoloja.com\/wp-content\/uploads\/2025\/06\/WhatsApp-Image-2025-06-18-at-11.59.56-AM-1024x1365.jpeg 1024w, https:\/\/www.lodelmomentoloja.com\/wp-content\/uploads\/2025\/06\/WhatsApp-Image-2025-06-18-at-11.59.56-AM.jpeg 1200w\" sizes=\"(max-width: 225px) 100vw, 225px\" \/><\/p>\n<p>A la convocatoria asistieron doce asamble\u00edstas de varias bancadas legislativas como: Independientes, ADN, RC y siete asesores en representaci\u00f3n de sus legisladores. En total, 19 representantes de las diez provincias que conforman la zona fronteriza del pa\u00eds. Durante la jornada de trabajo, los asamble\u00edstas presentes, expusieron las realidades y desaf\u00edos espec\u00edficos de sus territorios.<br \/>\n<img loading=\"lazy\" decoding=\"async\" class=\"alignnone size-medium wp-image-26591\" src=\"http:\/\/www.lodelmomentoloja.com\/wp-content\/uploads\/2025\/06\/WhatsApp-Image-2025-06-18-at-11.59.56-AM-1-300x225.jpeg\" alt=\"\" width=\"300\" height=\"225\" srcset=\"https:\/\/www.lodelmomentoloja.com\/wp-content\/uploads\/2025\/06\/WhatsApp-Image-2025-06-18-at-11.59.56-AM-1-300x225.jpeg 300w, https:\/\/www.lodelmomentoloja.com\/wp-content\/uploads\/2025\/06\/WhatsApp-Image-2025-06-18-at-11.59.56-AM-1-1024x768.jpeg 1024w, https:\/\/www.lodelmomentoloja.com\/wp-content\/uploads\/2025\/06\/WhatsApp-Image-2025-06-18-at-11.59.56-AM-1-768x576.jpeg 768w, https:\/\/www.lodelmomentoloja.com\/wp-content\/uploads\/2025\/06\/WhatsApp-Image-2025-06-18-at-11.59.56-AM-1-640x480.jpeg 640w, https:\/\/www.lodelmomentoloja.com\/wp-content\/uploads\/2025\/06\/WhatsApp-Image-2025-06-18-at-11.59.56-AM-1-1536x1152.jpeg 1536w, https:\/\/www.lodelmomentoloja.com\/wp-content\/uploads\/2025\/06\/WhatsApp-Image-2025-06-18-at-11.59.56-AM-1.jpeg 1600w\" sizes=\"(max-width: 300px) 100vw, 300px\" \/><\/p>\n<p>Se abordaron temas vitales como, la seguridad integral, salud, el impulso al desarrollo econ\u00f3mico sostenible en las zonas de frontera y la dotaci\u00f3n efectiva de servicios b\u00e1sicos, haciendo hincapi\u00e9 en c\u00f3mo la aplicaci\u00f3n de la Ley Org\u00e1nica de Desarrollo Fronterizo puede ser una herramienta primordial para atender estas necesidades hist\u00f3ricas.<\/p>\n<p>El asamble\u00edsta Juan Andr\u00e9s Gonz\u00e1lez, promotor de esta importante reuni\u00f3n, enfatiz\u00f3 la urgencia de asegurar la implementaci\u00f3n de esta normativa. &#8220;No basta con tener una ley; debemos asegurar que se cumpla a cabalidad en cada rinc\u00f3n de nuestras fronteras&#8221;, afirm\u00f3 Gonz\u00e1lez.<\/p>\n<p><img loading=\"lazy\" decoding=\"async\" class=\"alignnone size-medium wp-image-26592\" src=\"http:\/\/www.lodelmomentoloja.com\/wp-content\/uploads\/2025\/06\/WhatsApp-Image-2025-06-18-at-11.59.56-AM-2-300x225.jpeg\" alt=\"\" width=\"300\" height=\"225\" srcset=\"https:\/\/www.lodelmomentoloja.com\/wp-content\/uploads\/2025\/06\/WhatsApp-Image-2025-06-18-at-11.59.56-AM-2-300x225.jpeg 300w, https:\/\/www.lodelmomentoloja.com\/wp-content\/uploads\/2025\/06\/WhatsApp-Image-2025-06-18-at-11.59.56-AM-2-1024x768.jpeg 1024w, https:\/\/www.lodelmomentoloja.com\/wp-content\/uploads\/2025\/06\/WhatsApp-Image-2025-06-18-at-11.59.56-AM-2-768x576.jpeg 768w, https:\/\/www.lodelmomentoloja.com\/wp-content\/uploads\/2025\/06\/WhatsApp-Image-2025-06-18-at-11.59.56-AM-2-640x480.jpeg 640w, https:\/\/www.lodelmomentoloja.com\/wp-content\/uploads\/2025\/06\/WhatsApp-Image-2025-06-18-at-11.59.56-AM-2-1536x1152.jpeg 1536w, https:\/\/www.lodelmomentoloja.com\/wp-content\/uploads\/2025\/06\/WhatsApp-Image-2025-06-18-at-11.59.56-AM-2.jpeg 1600w\" sizes=\"(max-width: 300px) 100vw, 300px\" \/><\/p>\n<p>Los asamble\u00edstas agradecieron la iniciativa y acordaron conformar el Grupo Parlamentario de Frontera. Lo integraran legisladores de varias banderas pol\u00edticas y representantes de las diez provincias fronterizas. Garantizando as\u00ed, la pluralidad y diversidad que caracteriza a nuestro pa\u00eds. Este trabajo conjunto busca asegurar que los beneficios de la Ley Org\u00e1nica de Desarrollo Fronterizo lleguen efectivamente a las comunidades que m\u00e1s lo requieren.<\/p>\n","protected":false},"excerpt":{"rendered":"<p>En la Comisi\u00f3n de Garant\u00edas Constitucionales, Derechos Humanos, Derechos Colectivos y la Interculturalidad de la&#8230;<\/p>\n","protected":false},"author":1,"featured_media":26593,"comment_status":"open","ping_status":"open","sticky":false,"template":"","format":"standard","meta":{"footnotes":""},"categories":[7,1,5],"tags":[],"class_list":["post-26589","post","type-post","status-publish","format-standard","has-post-thumbnail","hentry","category-ecuador","category-inicio","category-loja"],"_links":{"self":[{"href":"https:\/\/www.lodelmomentoloja.com\/index.php?rest_route=\/wp\/v2\/posts\/26589"}],"collection":[{"href":"https:\/\/www.lodelmomentoloja.com\/index.php?rest_route=\/wp\/v2\/posts"}],"about":[{"href":"https:\/\/www.lodelmomentoloja.com\/index.php?rest_route=\/wp\/v2\/types\/post"}],"author":[{"embeddable":true,"href":"https:\/\/www.lodelmomentoloja.com\/index.php?rest_route=\/wp\/v2\/users\/1"}],"replies":[{"embeddable":true,"href":"https:\/\/www.lodelmomentoloja.com\/index.php?rest_route=%2Fwp%2Fv2%2Fcomments&post=26589"}],"version-history":[{"count":1,"href":"https:\/\/www.lodelmomentoloja.com\/index.php?rest_route=\/wp\/v2\/posts\/26589\/revisions"}],"predecessor-version":[{"id":26594,"href":"https:\/\/www.lodelmomentoloja.com\/index.php?rest_route=\/wp\/v2\/posts\/26589\/revisions\/26594"}],"wp:featuredmedia":[{"embeddable":true,"href":"https:\/\/www.lodelmomentoloja.com\/index.php?rest_route=\/wp\/v2\/media\/26593"}],"wp:attachment":[{"href":"https:\/\/www.lodelmomentoloja.com\/index.php?rest_route=%2Fwp%2Fv2%2Fmedia&parent=26589"}],"wp:term":[{"taxonomy":"category","embeddable":true,"href":"https:\/\/www.lodelmomentoloja.com\/index.php?rest_route=%2Fwp%2Fv2%2Fcategories&post=26589"},{"taxonomy":"post_tag","embeddable":true,"href":"https:\/\/www.lodelmomentoloja.com\/index.php?rest_route=%2Fwp%2Fv2%2Ftags&post=26589"}],"curies":[{"name":"wp","href":"https:\/\/api.w.org\/{rel}","templated":true}]}}