{"id":26568,"date":"2025-06-17T11:06:08","date_gmt":"2025-06-17T11:06:08","guid":{"rendered":"https:\/\/www.lodelmomentoloja.com\/?p=26568"},"modified":"2025-06-17T17:20:11","modified_gmt":"2025-06-17T17:20:11","slug":"exvicepresidente-glas-habria-sido-diagnosticado-con-trastorno-depresivo-y-conducta-sv1c1d4","status":"publish","type":"post","link":"https:\/\/www.lodelmomentoloja.com\/?p=26568","title":{"rendered":"EXVICEPRESIDENTE GLAS HABRIA SIDO DIAGNOSTICADO CON TRASTORNO DEPRESIVO Y CONDUCTA SV1C1D4"},"content":{"rendered":"<p>\ud83d\ude31\ud83e\udd15\ud83c\udfe5\u00a1Sigue el juicio! Seg\u00fan un informe psiqui\u00e1trico solicitado dentro del proceso judicial por el caso Reconstrucci\u00f3n de Manab\u00ed, el exvicepresidente Jorge Glas habr\u00eda sido diagnosticado con un trastorno d3pr3sivo gr4v3 y riesgo alto de conducta su1c1d@. La pericia fue elaborada por la psiquiatra \u00c1ngela Salazar y entregada el pasado 11 de junio de 2025 a la Corte Nacional de Justicia. El documento de 48 p\u00e1ginas se\u00f1ala que, aunque Glas enfrenta afecciones psicol\u00f3gicas serias, simula de forma consciente algunos s\u00edntomas y no cumple criterios para ser declarado inimputable.<\/p>\n<p>La audiencia de juicio por presunto peculado qued\u00f3 fijada para este martes 17 de junio, luego de haber sido pospuesta mientras se realizaba la evaluaci\u00f3n psiqui\u00e1trica.<\/p>\n<p>\ud83c\udf10\u2705 S\u00edguenos en nuestra p\u00e1gina verificada: https:\/\/www.facebook.com\/lodelmomentolojaEC<\/p>\n<p>www.lodelmomentoloja.com<br \/>\n<a class=\"x1i10hfl xjbqb8w x1ejq31n x18oe1m7 x1sy0etr xstzfhl x972fbf x10w94by x1qhh985 x14e42zd x9f619 x1ypdohk xt0psk2 xe8uvvx xdj266r x14z9mp xat24cr x1lziwak xexx8yu xyri2b x18d9i69 x1c1uobl x16tdsg8 x1hl2dhg xggy1nq x1a2a7pz  _aa9_ _a6hd\" tabindex=\"0\" role=\"link\" href=\"https:\/\/www.instagram.com\/explore\/tags\/ldmnoticias\/\">#LDMnoticias<\/a>\u00a0<a class=\"x1i10hfl xjbqb8w x1ejq31n x18oe1m7 x1sy0etr xstzfhl x972fbf x10w94by x1qhh985 x14e42zd x9f619 x1ypdohk xt0psk2 xe8uvvx xdj266r x14z9mp xat24cr x1lziwak xexx8yu xyri2b x18d9i69 x1c1uobl x16tdsg8 x1hl2dhg xggy1nq x1a2a7pz  _aa9_ _a6hd\" tabindex=\"0\" role=\"link\" href=\"https:\/\/www.instagram.com\/explore\/tags\/lodelmomentolojaldm\/\">#lodelmomentolojaLDM<\/a><\/p>\n","protected":false},"excerpt":{"rendered":"<p>\ud83d\ude31\ud83e\udd15\ud83c\udfe5\u00a1Sigue el juicio! Seg\u00fan un informe psiqui\u00e1trico solicitado dentro del proceso judicial por el caso&#8230;<\/p>\n","protected":false},"author":1,"featured_media":26569,"comment_status":"open","ping_status":"open","sticky":false,"template":"","format":"standard","meta":{"footnotes":""},"categories":[7,1,4,5],"tags":[],"class_list":["post-26568","post","type-post","status-publish","format-standard","has-post-thumbnail","hentry","category-ecuador","category-inicio","category-internacional","category-loja"],"_links":{"self":[{"href":"https:\/\/www.lodelmomentoloja.com\/index.php?rest_route=\/wp\/v2\/posts\/26568"}],"collection":[{"href":"https:\/\/www.lodelmomentoloja.com\/index.php?rest_route=\/wp\/v2\/posts"}],"about":[{"href":"https:\/\/www.lodelmomentoloja.com\/index.php?rest_route=\/wp\/v2\/types\/post"}],"author":[{"embeddable":true,"href":"https:\/\/www.lodelmomentoloja.com\/index.php?rest_route=\/wp\/v2\/users\/1"}],"replies":[{"embeddable":true,"href":"https:\/\/www.lodelmomentoloja.com\/index.php?rest_route=%2Fwp%2Fv2%2Fcomments&post=26568"}],"version-history":[{"count":1,"href":"https:\/\/www.lodelmomentoloja.com\/index.php?rest_route=\/wp\/v2\/posts\/26568\/revisions"}],"predecessor-version":[{"id":26570,"href":"https:\/\/www.lodelmomentoloja.com\/index.php?rest_route=\/wp\/v2\/posts\/26568\/revisions\/26570"}],"wp:featuredmedia":[{"embeddable":true,"href":"https:\/\/www.lodelmomentoloja.com\/index.php?rest_route=\/wp\/v2\/media\/26569"}],"wp:attachment":[{"href":"https:\/\/www.lodelmomentoloja.com\/index.php?rest_route=%2Fwp%2Fv2%2Fmedia&parent=26568"}],"wp:term":[{"taxonomy":"category","embeddable":true,"href":"https:\/\/www.lodelmomentoloja.com\/index.php?rest_route=%2Fwp%2Fv2%2Fcategories&post=26568"},{"taxonomy":"post_tag","embeddable":true,"href":"https:\/\/www.lodelmomentoloja.com\/index.php?rest_route=%2Fwp%2Fv2%2Ftags&post=26568"}],"curies":[{"name":"wp","href":"https:\/\/api.w.org\/{rel}","templated":true}]}}