{"id":26538,"date":"2025-06-12T13:35:08","date_gmt":"2025-06-12T13:35:08","guid":{"rendered":"https:\/\/www.lodelmomentoloja.com\/?p=26538"},"modified":"2025-06-12T18:38:33","modified_gmt":"2025-06-12T18:38:33","slug":"fallece-el-artista-ecuatoriano-eduardo-mino-naranjo-a-sus-87-anos-de-edad","status":"publish","type":"post","link":"https:\/\/www.lodelmomentoloja.com\/?p=26538","title":{"rendered":"FALLECE EL ARTISTA ECUATORIANO EDUARDO MI\u00d1O NARANJO  A SUS 87 A\u00d1OS DE EDAD"},"content":{"rendered":"<p>\ud83d\ude2d\u271d\ufe0f\ud83d\udde3\ufe0f \u00a1Ecuador de luto! Una tr4g1c4 noticia visti\u00f3 de luto a la m\u00fasica ecuatoriana, este jueves 12 de junio de 2025, se confirm\u00f3 el lamentable fallecimiento de Eduardo Mi\u00f1o Naranjo a sus 85 a\u00f1os de edad, miembro del d\u00fao musical Hermanos Mi\u00f1o Naranjo, as\u00ed lo inform\u00f3 su familia a los medios nacionales; Eduardo y Danilo marcaron una trayectoria de 68 a\u00f1os, convirti\u00e9ndose en grandes referentes del pasillo ecuatoriano.<\/p>\n<p>Una tr4g1c4 noticia visti\u00f3 de luto a la m\u00fasica ecuatoriana, este jueves 12 de junio de 2025, se confirm\u00f3 el lamentable fallecimiento de Eduardo Mi\u00f1o Naranjo a sus 85 a\u00f1os de edad, miembro del d\u00fao musical Hermanos Mi\u00f1o Naranjo, as\u00ed lo inform\u00f3 su familia a los medios nacionales.<\/p>\n<p>Eduardo reconocido, en m\u00faltiples ocasiones, como el m\u00e1s risue\u00f1o y entusiasta del grupo deja un gran legado para la m\u00fasica, ya que, junto a su hermano conquistaron escenarios internacionales convirti\u00e9ndolos en un referente del pasillo ecuatoriano.<\/p>\n<p>Eduardo y Danilo iniciaron una destacada carrera art\u00edstica en 1958 con el pasillo Sin tu amor. En 1964, llegaron a escenarios internacionales durante el II Feria de la Canci\u00f3n Iberoamericana en Barcelona con T\u00fa y yo, ganando cuatro medallas de oro. Adem\u00e1s de premios en el Festival de la Canci\u00f3n Latina en M\u00e9xico y el Festival de la Flor de Loto de Osaka, Jap\u00f3n.<\/p>\n<p>Con 68 a\u00f1os de trayectoria, Eduardo parte del mundo terrenal dejando un gran legado para las antiguas y futuras generaciones que los acompa\u00f1aron en cada uno de sus pasos.<\/p>\n<p>\ud83c\udf10\u2705 S\u00edguenos en nuestra p\u00e1gina verificada: https:\/\/www.facebook.com\/lodelmomentolojaEC<\/p>\n<p>www.lodelmomentoloja.com<br \/>\n<a class=\"x1i10hfl xjbqb8w x1ejq31n x18oe1m7 x1sy0etr xstzfhl x972fbf x10w94by x1qhh985 x14e42zd x9f619 x1ypdohk xt0psk2 xe8uvvx xdj266r x14z9mp xat24cr x1lziwak xexx8yu xyri2b x18d9i69 x1c1uobl x16tdsg8 x1hl2dhg xggy1nq x1a2a7pz  _aa9_ _a6hd\" tabindex=\"0\" role=\"link\" href=\"https:\/\/www.instagram.com\/explore\/tags\/ldmnoticias\/\">#LDMnoticias<\/a>\u00a0<a class=\"x1i10hfl xjbqb8w x1ejq31n x18oe1m7 x1sy0etr xstzfhl x972fbf x10w94by x1qhh985 x14e42zd x9f619 x1ypdohk xt0psk2 xe8uvvx xdj266r x14z9mp xat24cr x1lziwak xexx8yu xyri2b x18d9i69 x1c1uobl x16tdsg8 x1hl2dhg xggy1nq x1a2a7pz  _aa9_ _a6hd\" tabindex=\"0\" role=\"link\" href=\"https:\/\/www.instagram.com\/explore\/tags\/lodelmomentolojaldm\/\">#lodelmomentolojaLDM<\/a><\/p>\n","protected":false},"excerpt":{"rendered":"<p>\ud83d\ude2d\u271d\ufe0f\ud83d\udde3\ufe0f \u00a1Ecuador de luto! Una tr4g1c4 noticia visti\u00f3 de luto a la m\u00fasica ecuatoriana, este&#8230;<\/p>\n","protected":false},"author":1,"featured_media":26539,"comment_status":"open","ping_status":"open","sticky":false,"template":"","format":"standard","meta":{"footnotes":""},"categories":[7,1,5],"tags":[],"class_list":["post-26538","post","type-post","status-publish","format-standard","has-post-thumbnail","hentry","category-ecuador","category-inicio","category-loja"],"_links":{"self":[{"href":"https:\/\/www.lodelmomentoloja.com\/index.php?rest_route=\/wp\/v2\/posts\/26538"}],"collection":[{"href":"https:\/\/www.lodelmomentoloja.com\/index.php?rest_route=\/wp\/v2\/posts"}],"about":[{"href":"https:\/\/www.lodelmomentoloja.com\/index.php?rest_route=\/wp\/v2\/types\/post"}],"author":[{"embeddable":true,"href":"https:\/\/www.lodelmomentoloja.com\/index.php?rest_route=\/wp\/v2\/users\/1"}],"replies":[{"embeddable":true,"href":"https:\/\/www.lodelmomentoloja.com\/index.php?rest_route=%2Fwp%2Fv2%2Fcomments&post=26538"}],"version-history":[{"count":1,"href":"https:\/\/www.lodelmomentoloja.com\/index.php?rest_route=\/wp\/v2\/posts\/26538\/revisions"}],"predecessor-version":[{"id":26540,"href":"https:\/\/www.lodelmomentoloja.com\/index.php?rest_route=\/wp\/v2\/posts\/26538\/revisions\/26540"}],"wp:featuredmedia":[{"embeddable":true,"href":"https:\/\/www.lodelmomentoloja.com\/index.php?rest_route=\/wp\/v2\/media\/26539"}],"wp:attachment":[{"href":"https:\/\/www.lodelmomentoloja.com\/index.php?rest_route=%2Fwp%2Fv2%2Fmedia&parent=26538"}],"wp:term":[{"taxonomy":"category","embeddable":true,"href":"https:\/\/www.lodelmomentoloja.com\/index.php?rest_route=%2Fwp%2Fv2%2Fcategories&post=26538"},{"taxonomy":"post_tag","embeddable":true,"href":"https:\/\/www.lodelmomentoloja.com\/index.php?rest_route=%2Fwp%2Fv2%2Ftags&post=26538"}],"curies":[{"name":"wp","href":"https:\/\/api.w.org\/{rel}","templated":true}]}}