{"id":2650,"date":"2021-02-23T10:34:37","date_gmt":"2021-02-23T10:34:37","guid":{"rendered":"http:\/\/www.lodelmomentoloja.com\/?p=2650"},"modified":"2021-02-23T15:35:44","modified_gmt":"2021-02-23T15:35:44","slug":"amotinamiento-en-carcel-de-guayaquil","status":"publish","type":"post","link":"https:\/\/www.lodelmomentoloja.com\/?p=2650","title":{"rendered":"Amotinamiento en c\u00e1rcel de Guayaquil."},"content":{"rendered":"<p dir=\"ltr\">#GYE | Amotinamiento en la c\u00e1rcel regional 8 de Guayaquil deja varios fallecidos.<\/p>\n<p dir=\"ltr\">La ma\u00f1ana de este martes, 23 de febrero de 2021, se registr\u00f3 un\u00a0 amotinamiento en el Centro de Privaci\u00f3n de Libertad Zonal 8\u00a0de Guayaquil.<\/p>\n<p dir=\"ltr\">Alrededor de 200 polic\u00edas se encuentran en el Pabell\u00f3n de Mediana Seguridad tras reportarse la alerta, adem\u00e1s tras una posible fuga de reos\u00a0 varios uniformados recorren el sector alrededor de la c\u00e1rcel y un helic\u00f3ptero sobrevuela el reclusorio en apoyo.<\/p>\n<p dir=\"ltr\">Seg\u00fan versi\u00f3n preliminar, en el lugar se habr\u00eda registrado una balacera por disputas entre bandas.<\/p>\n<p dir=\"ltr\">El Servicio Nacional de Atenci\u00f3n Integral a Personas Adultas Privadas de Libertad y a Adolescentes Infractores del Ecuador, mediante su cuenta de Twitter, confirm\u00f3 el deceso de un total de ocho reos.<\/p>\n<p dir=\"ltr\">www.lodelmomentoloja.com<br \/>\n#LDMnoticias #lodelmomentolojaLDM<\/p>\n","protected":false},"excerpt":{"rendered":"<p>#GYE | Amotinamiento en la c\u00e1rcel regional 8 de Guayaquil deja varios fallecidos. La ma\u00f1ana&#8230;<\/p>\n","protected":false},"author":1,"featured_media":2651,"comment_status":"open","ping_status":"open","sticky":false,"template":"","format":"standard","meta":{"footnotes":""},"categories":[1],"tags":[],"class_list":["post-2650","post","type-post","status-publish","format-standard","has-post-thumbnail","hentry","category-inicio"],"_links":{"self":[{"href":"https:\/\/www.lodelmomentoloja.com\/index.php?rest_route=\/wp\/v2\/posts\/2650"}],"collection":[{"href":"https:\/\/www.lodelmomentoloja.com\/index.php?rest_route=\/wp\/v2\/posts"}],"about":[{"href":"https:\/\/www.lodelmomentoloja.com\/index.php?rest_route=\/wp\/v2\/types\/post"}],"author":[{"embeddable":true,"href":"https:\/\/www.lodelmomentoloja.com\/index.php?rest_route=\/wp\/v2\/users\/1"}],"replies":[{"embeddable":true,"href":"https:\/\/www.lodelmomentoloja.com\/index.php?rest_route=%2Fwp%2Fv2%2Fcomments&post=2650"}],"version-history":[{"count":1,"href":"https:\/\/www.lodelmomentoloja.com\/index.php?rest_route=\/wp\/v2\/posts\/2650\/revisions"}],"predecessor-version":[{"id":2652,"href":"https:\/\/www.lodelmomentoloja.com\/index.php?rest_route=\/wp\/v2\/posts\/2650\/revisions\/2652"}],"wp:featuredmedia":[{"embeddable":true,"href":"https:\/\/www.lodelmomentoloja.com\/index.php?rest_route=\/wp\/v2\/media\/2651"}],"wp:attachment":[{"href":"https:\/\/www.lodelmomentoloja.com\/index.php?rest_route=%2Fwp%2Fv2%2Fmedia&parent=2650"}],"wp:term":[{"taxonomy":"category","embeddable":true,"href":"https:\/\/www.lodelmomentoloja.com\/index.php?rest_route=%2Fwp%2Fv2%2Fcategories&post=2650"},{"taxonomy":"post_tag","embeddable":true,"href":"https:\/\/www.lodelmomentoloja.com\/index.php?rest_route=%2Fwp%2Fv2%2Ftags&post=2650"}],"curies":[{"name":"wp","href":"https:\/\/api.w.org\/{rel}","templated":true}]}}