{"id":26477,"date":"2025-06-10T10:24:18","date_gmt":"2025-06-10T10:24:18","guid":{"rendered":"https:\/\/www.lodelmomentoloja.com\/?p=26477"},"modified":"2025-06-10T15:30:25","modified_gmt":"2025-06-10T15:30:25","slug":"ecuador-vs-peru-sera-transmitido-para-todo-el-ecuador-en-senal-abierta","status":"publish","type":"post","link":"https:\/\/www.lodelmomentoloja.com\/?p=26477","title":{"rendered":"ECUADOR VS PER\u00da SER\u00c1 TRANSMITIDO PARA TODO EL ECUADOR EN SE\u00d1AL ABIERTA"},"content":{"rendered":"<p>\ud83e\udd29\u26bd\ud83c\uddea\ud83c\udde8 \u00a1Una vez m\u00e1s! Desde el Gobierno del Presidente Daniel Noboa se ha gestionado que la transmisi\u00f3n del partido entre la selecci\u00f3n ecuatoriana este martes (10 junio) contra Per\u00fa, sea emitida en se\u00f1al abierta para todo el territorio ecuatoriano, mediante TC televisi\u00f3n y Ecuador TV.<\/p>\n<p><img loading=\"lazy\" decoding=\"async\" class=\"alignnone size-medium wp-image-26478\" src=\"http:\/\/www.lodelmomentoloja.com\/wp-content\/uploads\/2025\/06\/WhatsApp-Image-2025-06-10-at-10.13.17-AM-240x300.jpeg\" alt=\"\" width=\"240\" height=\"300\" srcset=\"https:\/\/www.lodelmomentoloja.com\/wp-content\/uploads\/2025\/06\/WhatsApp-Image-2025-06-10-at-10.13.17-AM-240x300.jpeg 240w, https:\/\/www.lodelmomentoloja.com\/wp-content\/uploads\/2025\/06\/WhatsApp-Image-2025-06-10-at-10.13.17-AM-818x1024.jpeg 818w, https:\/\/www.lodelmomentoloja.com\/wp-content\/uploads\/2025\/06\/WhatsApp-Image-2025-06-10-at-10.13.17-AM-768x961.jpeg 768w, https:\/\/www.lodelmomentoloja.com\/wp-content\/uploads\/2025\/06\/WhatsApp-Image-2025-06-10-at-10.13.17-AM-640x801.jpeg 640w, https:\/\/www.lodelmomentoloja.com\/wp-content\/uploads\/2025\/06\/WhatsApp-Image-2025-06-10-at-10.13.17-AM.jpeg 1023w\" sizes=\"(max-width: 240px) 100vw, 240px\" \/><\/p>\n<p>\ud83c\udf10\u2705 S\u00edguenos en nuestra p\u00e1gina verificada: https:\/\/www.facebook.com\/lodelmomentolojaEC<\/p>\n<p>www.lodelmomentoloja.com<br \/>\n#LDMnoticias #lodelmomentolojaLDM<\/p>\n","protected":false},"excerpt":{"rendered":"<p>\ud83e\udd29\u26bd\ud83c\uddea\ud83c\udde8 \u00a1Una vez m\u00e1s! Desde el Gobierno del Presidente Daniel Noboa se ha gestionado que&#8230;<\/p>\n","protected":false},"author":1,"featured_media":26479,"comment_status":"open","ping_status":"open","sticky":false,"template":"","format":"standard","meta":{"footnotes":""},"categories":[7,1,4,5],"tags":[],"class_list":["post-26477","post","type-post","status-publish","format-standard","has-post-thumbnail","hentry","category-ecuador","category-inicio","category-internacional","category-loja"],"_links":{"self":[{"href":"https:\/\/www.lodelmomentoloja.com\/index.php?rest_route=\/wp\/v2\/posts\/26477"}],"collection":[{"href":"https:\/\/www.lodelmomentoloja.com\/index.php?rest_route=\/wp\/v2\/posts"}],"about":[{"href":"https:\/\/www.lodelmomentoloja.com\/index.php?rest_route=\/wp\/v2\/types\/post"}],"author":[{"embeddable":true,"href":"https:\/\/www.lodelmomentoloja.com\/index.php?rest_route=\/wp\/v2\/users\/1"}],"replies":[{"embeddable":true,"href":"https:\/\/www.lodelmomentoloja.com\/index.php?rest_route=%2Fwp%2Fv2%2Fcomments&post=26477"}],"version-history":[{"count":1,"href":"https:\/\/www.lodelmomentoloja.com\/index.php?rest_route=\/wp\/v2\/posts\/26477\/revisions"}],"predecessor-version":[{"id":26480,"href":"https:\/\/www.lodelmomentoloja.com\/index.php?rest_route=\/wp\/v2\/posts\/26477\/revisions\/26480"}],"wp:featuredmedia":[{"embeddable":true,"href":"https:\/\/www.lodelmomentoloja.com\/index.php?rest_route=\/wp\/v2\/media\/26479"}],"wp:attachment":[{"href":"https:\/\/www.lodelmomentoloja.com\/index.php?rest_route=%2Fwp%2Fv2%2Fmedia&parent=26477"}],"wp:term":[{"taxonomy":"category","embeddable":true,"href":"https:\/\/www.lodelmomentoloja.com\/index.php?rest_route=%2Fwp%2Fv2%2Fcategories&post=26477"},{"taxonomy":"post_tag","embeddable":true,"href":"https:\/\/www.lodelmomentoloja.com\/index.php?rest_route=%2Fwp%2Fv2%2Ftags&post=26477"}],"curies":[{"name":"wp","href":"https:\/\/api.w.org\/{rel}","templated":true}]}}