{"id":26467,"date":"2025-06-09T11:51:57","date_gmt":"2025-06-09T11:51:57","guid":{"rendered":"https:\/\/www.lodelmomentoloja.com\/?p=26467"},"modified":"2025-06-09T16:54:03","modified_gmt":"2025-06-09T16:54:03","slug":"cortes-de-agua-en-loja","status":"publish","type":"post","link":"https:\/\/www.lodelmomentoloja.com\/?p=26467","title":{"rendered":"CORTES DE AGUA EN LOJA"},"content":{"rendered":"<p>\ud83d\ude31\ud83d\udca7\ud83d\udde3\ufe0f \u00a1Cortes de agua en Loja! Este fin de semana, a trav\u00e9s de un comunicado del Municipio de Loja, inform\u00f3 sobre dos roturas en los sistemas de conducci\u00f3n registrados el pasado s\u00e1bado 07 de junio. Uno de los da\u00f1os se localiza en Punzara que corresponde al sistema de Curitroje \u2013 Chontacruz y otro en Shucos del sistema de Carig\u00e1n que abastece al 70% de los barrios de la ciudad; las autoridades recalcan que las reparaciones podr\u00edan tardar alrededor de una semana, por lo que hacen un llamado a la ciudadan\u00eda para tomar las precauciones del caso.<\/p>\n<div style=\"width: 640px;\" class=\"wp-video\"><!--[if lt IE 9]><script>document.createElement('video');<\/script><![endif]-->\n<video class=\"wp-video-shortcode\" id=\"video-26467-1\" width=\"640\" height=\"360\" preload=\"metadata\" controls=\"controls\"><source type=\"video\/mp4\" src=\"http:\/\/www.lodelmomentoloja.com\/wp-content\/uploads\/2025\/06\/SISTEMA-DE-AGUA-POTABLE-REDUCIDO.mp4?_=1\" \/><a href=\"http:\/\/www.lodelmomentoloja.com\/wp-content\/uploads\/2025\/06\/SISTEMA-DE-AGUA-POTABLE-REDUCIDO.mp4\">http:\/\/www.lodelmomentoloja.com\/wp-content\/uploads\/2025\/06\/SISTEMA-DE-AGUA-POTABLE-REDUCIDO.mp4<\/a><\/video><\/div>\n<p>&nbsp;<\/p>\n<p>La ciudad de Loja nuevamente, enfrenta cortes de agua potable en varios sectores debido a que este fin de semana, a trav\u00e9s de un comunicado del Municipio de Loja, inform\u00f3 sobre dos roturas en los sistemas de conducci\u00f3n registrados el pasado s\u00e1bado 07 de junio. Uno de los da\u00f1os se localiza en Punzara que corresponde al sistema de Curitroje \u2013 Chontacruz y otro en Shucos del sistema de Carig\u00e1n que abastece al 70% de los barrios de la ciudad.<\/p>\n<p>El GAD Municipal se\u00f1ala que la fuerte temporada invernal que enfrenta el cant\u00f3n Loja desde enero de 2025, ha provocado da\u00f1os constantes en la tuber\u00eda de agua potable. En el sector Shucos, las autoridades reportaron un da\u00f1o de enormes proporciones, afectando directamente a la distribuci\u00f3n de los servicios b\u00e1sicos para la ciudadan\u00eda lojana, por lo que las reparaciones, pueden tardar varios d\u00edas.<\/p>\n<p>Ante la situaci\u00f3n, la instituci\u00f3n ha dispuesto la distribuci\u00f3n de l\u00edquido vital a trav\u00e9s de tanqueros y flota de camionetas municipales que se encuentran en diversos puntos de la ciudad para cubrir la demanda.<\/p>\n<p>El Municipio de Loja recala que el equipo t\u00e9cnico y obreros trabajan amplias jornadas para reparar los da\u00f1os y restablecer el servicio de agua potable a la brevedad posible.<\/p>\n<p>Noticia Completa \ud83d\udcf1 https:\/\/youtu.be\/SZjWDN-CKhI<\/p>\n<p>\ud83c\udf10\u2705 S\u00edguenos en nuestra p\u00e1gina verificada: https:\/\/www.facebook.com\/lodelmomentolojaEC<\/p>\n<p>www.lodelmomentoloja.com<br \/>\n#LDMnoticias #lodelmomentolojaLDM<\/p>\n","protected":false},"excerpt":{"rendered":"<p>\ud83d\ude31\ud83d\udca7\ud83d\udde3\ufe0f \u00a1Cortes de agua en Loja! Este fin de semana, a trav\u00e9s de un comunicado&#8230;<\/p>\n","protected":false},"author":1,"featured_media":26469,"comment_status":"open","ping_status":"open","sticky":false,"template":"","format":"standard","meta":{"footnotes":""},"categories":[7,1,5],"tags":[],"class_list":["post-26467","post","type-post","status-publish","format-standard","has-post-thumbnail","hentry","category-ecuador","category-inicio","category-loja"],"_links":{"self":[{"href":"https:\/\/www.lodelmomentoloja.com\/index.php?rest_route=\/wp\/v2\/posts\/26467"}],"collection":[{"href":"https:\/\/www.lodelmomentoloja.com\/index.php?rest_route=\/wp\/v2\/posts"}],"about":[{"href":"https:\/\/www.lodelmomentoloja.com\/index.php?rest_route=\/wp\/v2\/types\/post"}],"author":[{"embeddable":true,"href":"https:\/\/www.lodelmomentoloja.com\/index.php?rest_route=\/wp\/v2\/users\/1"}],"replies":[{"embeddable":true,"href":"https:\/\/www.lodelmomentoloja.com\/index.php?rest_route=%2Fwp%2Fv2%2Fcomments&post=26467"}],"version-history":[{"count":1,"href":"https:\/\/www.lodelmomentoloja.com\/index.php?rest_route=\/wp\/v2\/posts\/26467\/revisions"}],"predecessor-version":[{"id":26470,"href":"https:\/\/www.lodelmomentoloja.com\/index.php?rest_route=\/wp\/v2\/posts\/26467\/revisions\/26470"}],"wp:featuredmedia":[{"embeddable":true,"href":"https:\/\/www.lodelmomentoloja.com\/index.php?rest_route=\/wp\/v2\/media\/26469"}],"wp:attachment":[{"href":"https:\/\/www.lodelmomentoloja.com\/index.php?rest_route=%2Fwp%2Fv2%2Fmedia&parent=26467"}],"wp:term":[{"taxonomy":"category","embeddable":true,"href":"https:\/\/www.lodelmomentoloja.com\/index.php?rest_route=%2Fwp%2Fv2%2Fcategories&post=26467"},{"taxonomy":"post_tag","embeddable":true,"href":"https:\/\/www.lodelmomentoloja.com\/index.php?rest_route=%2Fwp%2Fv2%2Ftags&post=26467"}],"curies":[{"name":"wp","href":"https:\/\/api.w.org\/{rel}","templated":true}]}}