{"id":26464,"date":"2025-06-09T10:57:52","date_gmt":"2025-06-09T10:57:52","guid":{"rendered":"https:\/\/www.lodelmomentoloja.com\/?p=26464"},"modified":"2025-06-09T16:01:42","modified_gmt":"2025-06-09T16:01:42","slug":"regresa-la-tabla-de-consumo-a-ecuador-con-un-nuevo-nombre","status":"publish","type":"post","link":"https:\/\/www.lodelmomentoloja.com\/?p=26464","title":{"rendered":"REGRESA LA TABLA DE CONSUMO A ECUADOR, CON UN NUEVO NOMBRE."},"content":{"rendered":"<p>\u00a1Con nuevo nombre! La Ley de Solidaridad Nacional impulsada por el Gobierno se aprob\u00f3 y con varias particularidades, entre endurecimiento de procesos judiciales y nuevos tipos penales. Entre los que se aprecia, es la creaci\u00f3n del tipo de delito de pertenencia a los grupos armados organizados en el marco del conflicto armado con una pena de 26 a\u00f1os de prisi\u00f3n; quienes lideren o financien este tipo de grupos con hasta 30 a\u00f1os; los colaboradores externos que hayan participado de forma espor\u00e1dica tendr\u00e1n hasta 26 a\u00f1os; as\u00ed mismo, la ampliaci\u00f3n de delitos como lavado de activos, tr\u00e1fico de armas, extorsi\u00f3n, miner\u00eda ilegal, trata de personas, y el reclutamiento de menores.<\/p>\n<p>Pero eso no es todo, en cuanto a la detenci\u00f3n en flagrancia pasar\u00e1 de 24 a 72 a\u00f1os para los que se relacionen con el crimen organizado, adem\u00e1s, la prisi\u00f3n preventiva nuevamente ser\u00e1 obligatoria en estos casos, y elimina la posibilidad de medidas alternativas para los delitos conexos al conflicto armado.<\/p>\n<p>Finalmente, la m\u00e1s pol\u00e9mica sobre esta propuesta del ejecutivo, es el regreso de la tabla de consumo con un nombre cambiado &#8220;par\u00e1metros referenciales&#8221;, dicha herramienta ser\u00e1 utilizada por jueces y fiscales para tener una diferencia entre consumidores y microtraficantes. Fiscal\u00eda, Ministerio de Salud y Consejo de la Judicatura determinar\u00e1n estos par\u00e1metros de consumo personal.<\/p>\n<p>\ud83c\udf10\u2705 S\u00edguenos en nuestra p\u00e1gina verificada: https:\/\/www.facebook.com\/lodelmomentolojaEC<\/p>\n<p>www.lodelmomentoloja.com<br \/>\n#LDMnoticias #lodelmomentolojaLDM<\/p>\n","protected":false},"excerpt":{"rendered":"<p>\u00a1Con nuevo nombre! La Ley de Solidaridad Nacional impulsada por el Gobierno se aprob\u00f3 y&#8230;<\/p>\n","protected":false},"author":1,"featured_media":26465,"comment_status":"open","ping_status":"open","sticky":false,"template":"","format":"standard","meta":{"footnotes":""},"categories":[7,1,4,5,6],"tags":[],"class_list":["post-26464","post","type-post","status-publish","format-standard","has-post-thumbnail","hentry","category-ecuador","category-inicio","category-internacional","category-loja","category-zamora"],"_links":{"self":[{"href":"https:\/\/www.lodelmomentoloja.com\/index.php?rest_route=\/wp\/v2\/posts\/26464"}],"collection":[{"href":"https:\/\/www.lodelmomentoloja.com\/index.php?rest_route=\/wp\/v2\/posts"}],"about":[{"href":"https:\/\/www.lodelmomentoloja.com\/index.php?rest_route=\/wp\/v2\/types\/post"}],"author":[{"embeddable":true,"href":"https:\/\/www.lodelmomentoloja.com\/index.php?rest_route=\/wp\/v2\/users\/1"}],"replies":[{"embeddable":true,"href":"https:\/\/www.lodelmomentoloja.com\/index.php?rest_route=%2Fwp%2Fv2%2Fcomments&post=26464"}],"version-history":[{"count":1,"href":"https:\/\/www.lodelmomentoloja.com\/index.php?rest_route=\/wp\/v2\/posts\/26464\/revisions"}],"predecessor-version":[{"id":26466,"href":"https:\/\/www.lodelmomentoloja.com\/index.php?rest_route=\/wp\/v2\/posts\/26464\/revisions\/26466"}],"wp:featuredmedia":[{"embeddable":true,"href":"https:\/\/www.lodelmomentoloja.com\/index.php?rest_route=\/wp\/v2\/media\/26465"}],"wp:attachment":[{"href":"https:\/\/www.lodelmomentoloja.com\/index.php?rest_route=%2Fwp%2Fv2%2Fmedia&parent=26464"}],"wp:term":[{"taxonomy":"category","embeddable":true,"href":"https:\/\/www.lodelmomentoloja.com\/index.php?rest_route=%2Fwp%2Fv2%2Fcategories&post=26464"},{"taxonomy":"post_tag","embeddable":true,"href":"https:\/\/www.lodelmomentoloja.com\/index.php?rest_route=%2Fwp%2Fv2%2Ftags&post=26464"}],"curies":[{"name":"wp","href":"https:\/\/api.w.org\/{rel}","templated":true}]}}