{"id":26458,"date":"2025-06-09T09:55:21","date_gmt":"2025-06-09T09:55:21","guid":{"rendered":"https:\/\/www.lodelmomentoloja.com\/?p=26458"},"modified":"2025-06-09T15:56:29","modified_gmt":"2025-06-09T15:56:29","slug":"nadadora-ecuatoriana-logra-cruzar-el-estrecho-de-gibraltar","status":"publish","type":"post","link":"https:\/\/www.lodelmomentoloja.com\/?p=26458","title":{"rendered":"NADADORA ECUATORIANA LOGRA CRUZAR EL ESTRECHO DE GIBRALTAR"},"content":{"rendered":"<p>\ud83c\uddea\ud83c\udde8\ud83c\udfca\ud83c\udffb\u200d\u2640\ufe0f\ud83c\udf0a\u00a1Hecho hist\u00f3rico! la nadadora Sara Palacios, se convirti\u00f3 en la primera deportista ecuatoriana en cruzar el estrecho de Gibraltar, que separa Europa y \u00c1frica. Con un tiempo de\u00a0cuatro horas y 34 minutos conquist\u00f3 los m\u00e1s de 15 kil\u00f3metros del estrecho, caracterizado por fuertes corrientes, es el cuarto cuerpo de agua que la tricolor ha cruzado como parte del\u00a0Proyecto de los 7 Mares. En esta iniciativa se encuentra desde el 2018 cuando\u00a0nad\u00f3 por el canal de la Mancha, que separa Francia de Gran Breta\u00f1a. Adem\u00e1s, ha cruzado el canal de Catalina y el canal del Norte.<\/p>\n<p>\ud83c\udf10\u2705 S\u00edguenos en nuestra p\u00e1gina verificada: https:\/\/www.facebook.com\/lodelmomentolojaEC<\/p>\n<p>www.lodelmomentoloja.com<br \/>\n<a class=\"x1i10hfl xjbqb8w x1ejq31n x18oe1m7 x1sy0etr xstzfhl x972fbf x10w94by x1qhh985 x14e42zd x9f619 x1ypdohk xt0psk2 xe8uvvx xdj266r x14z9mp xat24cr x1lziwak xexx8yu xyri2b x18d9i69 x1c1uobl x16tdsg8 x1hl2dhg xggy1nq x1a2a7pz  _aa9_ _a6hd\" tabindex=\"0\" role=\"link\" href=\"https:\/\/www.instagram.com\/explore\/tags\/ldmnoticias\/\">#LDMnoticias<\/a>\u00a0<a class=\"x1i10hfl xjbqb8w x1ejq31n x18oe1m7 x1sy0etr xstzfhl x972fbf x10w94by x1qhh985 x14e42zd x9f619 x1ypdohk xt0psk2 xe8uvvx xdj266r x14z9mp xat24cr x1lziwak xexx8yu xyri2b x18d9i69 x1c1uobl x16tdsg8 x1hl2dhg xggy1nq x1a2a7pz  _aa9_ _a6hd\" tabindex=\"0\" role=\"link\" href=\"https:\/\/www.instagram.com\/explore\/tags\/lodelmomentolojaldm\/\">#lodelmomentolojaLDM<\/a><\/p>\n","protected":false},"excerpt":{"rendered":"<p>\ud83c\uddea\ud83c\udde8\ud83c\udfca\ud83c\udffb\u200d\u2640\ufe0f\ud83c\udf0a\u00a1Hecho hist\u00f3rico! la nadadora Sara Palacios, se convirti\u00f3 en la primera deportista ecuatoriana en cruzar&#8230;<\/p>\n","protected":false},"author":1,"featured_media":26459,"comment_status":"open","ping_status":"open","sticky":false,"template":"","format":"standard","meta":{"footnotes":""},"categories":[7,1,4,5],"tags":[],"class_list":["post-26458","post","type-post","status-publish","format-standard","has-post-thumbnail","hentry","category-ecuador","category-inicio","category-internacional","category-loja"],"_links":{"self":[{"href":"https:\/\/www.lodelmomentoloja.com\/index.php?rest_route=\/wp\/v2\/posts\/26458"}],"collection":[{"href":"https:\/\/www.lodelmomentoloja.com\/index.php?rest_route=\/wp\/v2\/posts"}],"about":[{"href":"https:\/\/www.lodelmomentoloja.com\/index.php?rest_route=\/wp\/v2\/types\/post"}],"author":[{"embeddable":true,"href":"https:\/\/www.lodelmomentoloja.com\/index.php?rest_route=\/wp\/v2\/users\/1"}],"replies":[{"embeddable":true,"href":"https:\/\/www.lodelmomentoloja.com\/index.php?rest_route=%2Fwp%2Fv2%2Fcomments&post=26458"}],"version-history":[{"count":1,"href":"https:\/\/www.lodelmomentoloja.com\/index.php?rest_route=\/wp\/v2\/posts\/26458\/revisions"}],"predecessor-version":[{"id":26460,"href":"https:\/\/www.lodelmomentoloja.com\/index.php?rest_route=\/wp\/v2\/posts\/26458\/revisions\/26460"}],"wp:featuredmedia":[{"embeddable":true,"href":"https:\/\/www.lodelmomentoloja.com\/index.php?rest_route=\/wp\/v2\/media\/26459"}],"wp:attachment":[{"href":"https:\/\/www.lodelmomentoloja.com\/index.php?rest_route=%2Fwp%2Fv2%2Fmedia&parent=26458"}],"wp:term":[{"taxonomy":"category","embeddable":true,"href":"https:\/\/www.lodelmomentoloja.com\/index.php?rest_route=%2Fwp%2Fv2%2Fcategories&post=26458"},{"taxonomy":"post_tag","embeddable":true,"href":"https:\/\/www.lodelmomentoloja.com\/index.php?rest_route=%2Fwp%2Fv2%2Ftags&post=26458"}],"curies":[{"name":"wp","href":"https:\/\/api.w.org\/{rel}","templated":true}]}}